{"id":6335,"date":"2015-05-08T20:11:03","date_gmt":"2015-05-08T19:11:03","guid":{"rendered":"http:\/\/2horizontes.com\/?p=6335"},"modified":"2015-05-08T20:12:32","modified_gmt":"2015-05-08T19:12:32","slug":"repudio-en-colombia-al-eln-por-exhibicion-de-pierna-mutilada-de-militar","status":"publish","type":"post","link":"https:\/\/2horizontes.com\/?p=6335","title":{"rendered":"Repudio en Colombia al ELN por exhibici\u00f3n de pierna mutilada de militar"},"content":{"rendered":"<p>BOGOT\u00c1, .- La exhibici\u00f3n de una pierna mutilada de un militar por parte de las guerrillas del Ej\u00e9rcito de Liberaci\u00f3n Nacional (ELN), despu\u00e9s de un ataque a una patrulla del Ej\u00e9rcito, g<strong>ener\u00f3 repudio generalizado en Colombia.<\/strong><\/p>\n<blockquote><p>Colombia entera repudia y condena atrocidad de ELN. Nos llena de verg\u00fcenza y dolor\u201d, escribi\u00f3 en su cuenta de twitter el presidente Juan Manuel Santos, desde la Ciudad de M\u00e9xico, donde se encuentra en visita oficial.<\/p><\/blockquote>\n<p>Por su parte, el ministro de Defensa, Juan Carlos Pinz\u00f3n, calific\u00f3 de \u201caberrante\u201d la acci\u00f3n este jueves de los guerrilleros del ELN, contra una patrulla militar en el municipio de Convenci\u00f3n en el nororiente de Colombia.<\/p>\n<p><strong>\u201cEsa gente del ELN son ratas humanas y lo \u00fanico que les puede pasar es encontrar la tumba o una c\u00e1rcel\u201d<\/strong>, manifest\u00f3 el titular de la Defensa, quien llam\u00f3 a los colombianos a repudiar este hecho que es una clara violaci\u00f3n al Derecho Internacional Humanitario (DIH).<\/p>\n<p>Agreg\u00f3: \u201cespero que los ciudadanos que conozcan a esos bandidos que est\u00e1n haciendo estos actos aberrantes, denuncien r\u00e1pidamente y puedan obtener la recompensa por informaci\u00f3n de esos explosivistas\u201d.<\/p>\n<p>Hizo un llamado a todos los que integrantes de los grupos armados ilegales, para que \u201centreguen las armas, se desmovilicen y se reintegren a la sociedad\u201d.<\/p>\n<p>Los principales medios de comunicaci\u00f3n tambi\u00e9n condenaron la acci\u00f3n de la guerrilla del ELN, que adelanta acercamientos con el gobierno de Santos para una eventual negociaci\u00f3n de paz.<\/p>\n<p>En las redes sociales los colombianos tambi\u00e9n se manifestaron en contra del grupo insurgente, que es el segundo m\u00e1s importante que opera en este pa\u00eds, despu\u00e9s de las Fuerzas Armadas Revolucionarias de Colombia (FARC).<\/p>\n<p>Notimex.<\/p>\n<p>&nbsp;<\/p>\n","protected":false},"excerpt":{"rendered":"<p>BOGOT\u00c1, .- La exhibici\u00f3n de una pierna mutilada de un militar por parte de las guerrillas del Ej\u00e9rcito de Liberaci\u00f3n Nacional (ELN), despu\u00e9s de un ataque a una patrulla del Ej\u00e9rcito, gener\u00f3 repudio generalizado en Colombia. Colombia entera repudia y condena atrocidad de ELN. Nos llena de verg\u00fcenza y dolor\u201d, escribi\u00f3 en su cuenta de [&hellip;]<\/p>\n","protected":false},"author":7,"featured_media":6336,"comment_status":"open","ping_status":"open","sticky":false,"template":"","format":"standard","meta":{"footnotes":""},"categories":[50,40],"tags":[],"class_list":["post-6335","post","type-post","status-publish","format-standard","has-post-thumbnail","hentry","category-colombia","category-internacionales"],"_links":{"self":[{"href":"https:\/\/2horizontes.com\/index.php?rest_route=\/wp\/v2\/posts\/6335","targetHints":{"allow":["GET"]}}],"collection":[{"href":"https:\/\/2horizontes.com\/index.php?rest_route=\/wp\/v2\/posts"}],"about":[{"href":"https:\/\/2horizontes.com\/index.php?rest_route=\/wp\/v2\/types\/post"}],"author":[{"embeddable":true,"href":"https:\/\/2horizontes.com\/index.php?rest_route=\/wp\/v2\/users\/7"}],"replies":[{"embeddable":true,"href":"https:\/\/2horizontes.com\/index.php?rest_route=%2Fwp%2Fv2%2Fcomments&post=6335"}],"version-history":[{"count":3,"href":"https:\/\/2horizontes.com\/index.php?rest_route=\/wp\/v2\/posts\/6335\/revisions"}],"predecessor-version":[{"id":6339,"href":"https:\/\/2horizontes.com\/index.php?rest_route=\/wp\/v2\/posts\/6335\/revisions\/6339"}],"wp:featuredmedia":[{"embeddable":true,"href":"https:\/\/2horizontes.com\/index.php?rest_route=\/wp\/v2\/media\/6336"}],"wp:attachment":[{"href":"https:\/\/2horizontes.com\/index.php?rest_route=%2Fwp%2Fv2%2Fmedia&parent=6335"}],"wp:term":[{"taxonomy":"category","embeddable":true,"href":"https:\/\/2horizontes.com\/index.php?rest_route=%2Fwp%2Fv2%2Fcategories&post=6335"},{"taxonomy":"post_tag","embeddable":true,"href":"https:\/\/2horizontes.com\/index.php?rest_route=%2Fwp%2Fv2%2Ftags&post=6335"}],"curies":[{"name":"wp","href":"https:\/\/api.w.org\/{rel}","templated":true}]}}