{"id":63314,"date":"2017-03-05T10:47:31","date_gmt":"2017-03-05T09:47:31","guid":{"rendered":"http:\/\/2horizontes.com\/?p=63314"},"modified":"2017-03-05T10:47:31","modified_gmt":"2017-03-05T09:47:31","slug":"arcopoli-denuncia-una-nueva-agresion-homofoba-en-chueca","status":"publish","type":"post","link":"https:\/\/2horizontes.com\/?p=63314","title":{"rendered":"Arc\u00f3poli denuncia una nueva agresi\u00f3n hom\u00f3foba en Chueca"},"content":{"rendered":"<p>La asociaci\u00f3n Arc\u00f3poli ha denunciado este viernes una <b>nueva <\/b><b>agresi\u00f3n <\/b><b>hom\u00f3foba <\/b>en el barrio madrile\u00f1o de <b>Chueca <\/b>que se habr\u00eda producido la madrugada del pasado domingo en un local de ambiente gay de esta zona de la capital, ha informado Arc\u00f3poli en un comunicado.<\/p>\n<p>El afectado fue \u201cinsultado, amenazado y <b>golpeado<\/b>\u201d con el resultado de fractura de y hematomas en la cara por su orientaci\u00f3n sexual, teniendo que ser atendido en el hospital. Ayer mismo, interpuso una denuncia acompa\u00f1ado por personal de Arc\u00f3poli.<\/p>\n<div id=\"divVideoStepAdTop\" class=\"divVideoStep\"><\/div>\n<div id=\"hybs-slot-198b81f2\" class=\"hybs-slot\"><\/div>\n<p>Los hechos se produjeron cuando J. L de 45 a\u00f1os sal\u00eda en la madrugada del domingo 26 al lunes 27 de febrero de un local de ambiente gay en el barrio de Chueca cuando otra persona le espet\u00f3 \u201c<b>maric\u00f3n<\/b>\u201d.<\/p>\n","protected":false},"excerpt":{"rendered":"<p>La asociaci\u00f3n Arc\u00f3poli ha denunciado este viernes una nueva agresi\u00f3n hom\u00f3foba en el barrio madrile\u00f1o de Chueca que se habr\u00eda producido la madrugada del pasado domingo en un local de ambiente gay de esta zona de la capital, ha informado Arc\u00f3poli en un comunicado. El afectado fue \u201cinsultado, amenazado y golpeado\u201d con el resultado de [&hellip;]<\/p>\n","protected":false},"author":3,"featured_media":63315,"comment_status":"open","ping_status":"open","sticky":false,"template":"","format":"standard","meta":{"footnotes":""},"categories":[85,57],"tags":[],"class_list":["post-63314","post","type-post","status-publish","format-standard","has-post-thumbnail","hentry","category-espana","category-mundo-gay"],"_links":{"self":[{"href":"https:\/\/2horizontes.com\/index.php?rest_route=\/wp\/v2\/posts\/63314","targetHints":{"allow":["GET"]}}],"collection":[{"href":"https:\/\/2horizontes.com\/index.php?rest_route=\/wp\/v2\/posts"}],"about":[{"href":"https:\/\/2horizontes.com\/index.php?rest_route=\/wp\/v2\/types\/post"}],"author":[{"embeddable":true,"href":"https:\/\/2horizontes.com\/index.php?rest_route=\/wp\/v2\/users\/3"}],"replies":[{"embeddable":true,"href":"https:\/\/2horizontes.com\/index.php?rest_route=%2Fwp%2Fv2%2Fcomments&post=63314"}],"version-history":[{"count":1,"href":"https:\/\/2horizontes.com\/index.php?rest_route=\/wp\/v2\/posts\/63314\/revisions"}],"predecessor-version":[{"id":63316,"href":"https:\/\/2horizontes.com\/index.php?rest_route=\/wp\/v2\/posts\/63314\/revisions\/63316"}],"wp:featuredmedia":[{"embeddable":true,"href":"https:\/\/2horizontes.com\/index.php?rest_route=\/wp\/v2\/media\/63315"}],"wp:attachment":[{"href":"https:\/\/2horizontes.com\/index.php?rest_route=%2Fwp%2Fv2%2Fmedia&parent=63314"}],"wp:term":[{"taxonomy":"category","embeddable":true,"href":"https:\/\/2horizontes.com\/index.php?rest_route=%2Fwp%2Fv2%2Fcategories&post=63314"},{"taxonomy":"post_tag","embeddable":true,"href":"https:\/\/2horizontes.com\/index.php?rest_route=%2Fwp%2Fv2%2Ftags&post=63314"}],"curies":[{"name":"wp","href":"https:\/\/api.w.org\/{rel}","templated":true}]}}