{"id":63254,"date":"2017-03-02T13:25:14","date_gmt":"2017-03-02T12:25:14","guid":{"rendered":"http:\/\/2horizontes.com\/?p=63254"},"modified":"2017-03-02T13:25:14","modified_gmt":"2017-03-02T12:25:14","slug":"una-paciente-agrede-a-una-doctora-en-un-cap-de-sabadell","status":"publish","type":"post","link":"https:\/\/2horizontes.com\/?p=63254","title":{"rendered":"Una paciente agrede a una doctora en un CAP de Sabadell"},"content":{"rendered":"<p>La Polic\u00eda Municipal de Sabadell ha abierto diligencias judiciales contra una mujer que ayer presuntamente agredi\u00f3 a <b>una doctora en un CAP de Sabadell<\/b>.<\/p>\n<p>Seg\u00fan informa el cuerpo de polic\u00eda local, los hechos sucedieron ayer por la tarde en el Centro de Atenci\u00f3n Primaria (CAP) del barrio de la Creu Alta, situado en el norte de la ciudad.<\/p>\n<p>La Polic\u00eda Municipal recibi\u00f3 un aviso a las 17.18 horas de que una persona hab\u00eda agredido a la doctora, que trabaja en este centro sanitario, sin que hayan transcendido los motivos.<\/p>\n<p>Al llegar al lugar, encontraron a la agresora, una mujer de 42 a\u00f1os y vecina de la localidad, que hab\u00eda atacado a la doctora en el mismo centro, situado en la calle de Castellar del Vall\u00e8s.<\/p>\n<p>Como consecuencia del ataque que recibi\u00f3, la doctora presentaba lesiones de car\u00e1cter leve, motivo por el que decidi\u00f3 denunciar los hechos ante la Polic\u00eda Municipal.<\/p>\n","protected":false},"excerpt":{"rendered":"<p>La Polic\u00eda Municipal de Sabadell ha abierto diligencias judiciales contra una mujer que ayer presuntamente agredi\u00f3 a una doctora en un CAP de Sabadell. Seg\u00fan informa el cuerpo de polic\u00eda local, los hechos sucedieron ayer por la tarde en el Centro de Atenci\u00f3n Primaria (CAP) del barrio de la Creu Alta, situado en el norte [&hellip;]<\/p>\n","protected":false},"author":3,"featured_media":63255,"comment_status":"open","ping_status":"open","sticky":false,"template":"","format":"standard","meta":{"footnotes":""},"categories":[85],"tags":[],"class_list":["post-63254","post","type-post","status-publish","format-standard","has-post-thumbnail","hentry","category-espana"],"_links":{"self":[{"href":"https:\/\/2horizontes.com\/index.php?rest_route=\/wp\/v2\/posts\/63254","targetHints":{"allow":["GET"]}}],"collection":[{"href":"https:\/\/2horizontes.com\/index.php?rest_route=\/wp\/v2\/posts"}],"about":[{"href":"https:\/\/2horizontes.com\/index.php?rest_route=\/wp\/v2\/types\/post"}],"author":[{"embeddable":true,"href":"https:\/\/2horizontes.com\/index.php?rest_route=\/wp\/v2\/users\/3"}],"replies":[{"embeddable":true,"href":"https:\/\/2horizontes.com\/index.php?rest_route=%2Fwp%2Fv2%2Fcomments&post=63254"}],"version-history":[{"count":1,"href":"https:\/\/2horizontes.com\/index.php?rest_route=\/wp\/v2\/posts\/63254\/revisions"}],"predecessor-version":[{"id":63256,"href":"https:\/\/2horizontes.com\/index.php?rest_route=\/wp\/v2\/posts\/63254\/revisions\/63256"}],"wp:featuredmedia":[{"embeddable":true,"href":"https:\/\/2horizontes.com\/index.php?rest_route=\/wp\/v2\/media\/63255"}],"wp:attachment":[{"href":"https:\/\/2horizontes.com\/index.php?rest_route=%2Fwp%2Fv2%2Fmedia&parent=63254"}],"wp:term":[{"taxonomy":"category","embeddable":true,"href":"https:\/\/2horizontes.com\/index.php?rest_route=%2Fwp%2Fv2%2Fcategories&post=63254"},{"taxonomy":"post_tag","embeddable":true,"href":"https:\/\/2horizontes.com\/index.php?rest_route=%2Fwp%2Fv2%2Ftags&post=63254"}],"curies":[{"name":"wp","href":"https:\/\/api.w.org\/{rel}","templated":true}]}}