{"id":63226,"date":"2017-03-01T20:25:30","date_gmt":"2017-03-01T19:25:30","guid":{"rendered":"http:\/\/2horizontes.com\/?p=63226"},"modified":"2017-03-01T20:25:54","modified_gmt":"2017-03-01T19:25:54","slug":"consulado-dominicano-en-marsella-francia-celebra-en-grande-el-dia-de-la-independencia-nacional","status":"publish","type":"post","link":"https:\/\/2horizontes.com\/?p=63226","title":{"rendered":"Consulado Dominicano en Marsella, Francia, celebra en grande el d\u00eda de la Independencia Nacional"},"content":{"rendered":"<p>Por La Redacci\u00f3n<\/p>\n<p><a href=\"http:\/\/2horizontes.com\/wp-content\/uploads\/2017\/03\/vice3.jpg\"><img loading=\"lazy\" decoding=\"async\" class=\"size-medium wp-image-63228 alignleft\" src=\"http:\/\/2horizontes.com\/wp-content\/uploads\/2017\/03\/vice3-300x225.jpg\" alt=\"\" width=\"300\" height=\"225\" srcset=\"https:\/\/2horizontes.com\/wp-content\/uploads\/2017\/03\/vice3-300x225.jpg 300w, https:\/\/2horizontes.com\/wp-content\/uploads\/2017\/03\/vice3-768x576.jpg 768w, https:\/\/2horizontes.com\/wp-content\/uploads\/2017\/03\/vice3-510x383.jpg 510w, https:\/\/2horizontes.com\/wp-content\/uploads\/2017\/03\/vice3-100x75.jpg 100w, https:\/\/2horizontes.com\/wp-content\/uploads\/2017\/03\/vice3.jpg 1280w\" sizes=\"auto, (max-width: 300px) 100vw, 300px\" \/><\/a>Marsella, Francia.- El 173 aniversario de la independencia de la Rep\u00fablica Dominicana, fue celebrado por todo lo alto y en grande por las autoridades del consulado de dicho pa\u00eds caribe\u00f1o en esta ciudad, encabezadas por el c\u00f3nsul <strong>Don Jos\u00e9 Manuel Col\u00f3n<\/strong> y el vicec\u00f3nsul <strong>Don Robert Ram\u00f3n Ramos Peralta<\/strong>, quienes junto a su equipo y la Asociaci\u00f3n de Dominicanos en Marsella, no escatimaron esfuerzos ni recursos, para que los dominicanos residentes en esta urbe y zonas aleda\u00f1as disfrutaran de su fiesta nacional en una forma nunca antes vista. Como invitada especial, estuvo la c\u00f3nsul dominicana en Paris <strong>Do\u00f1a Carmen Germos\u00e9n<\/strong> y parte de su equipo de trabajo.<\/p>\n<p>El pasado domingo 26 de febrero, desde las 4:00 de la tarde y hasta las 10:00 de la noche, Le Maison de Suisse, ubicada en el distrito seis de Marsella, se transform\u00f3 en un pedazo \u00a0 \u00a0 \u00a0 \u00a0 \u00a0 \u00a0 \u00a0 \u00a0 \u00a0 \u00a0 \u00a0 \u00a0 \u00a0 \u00a0 \u00a0 \u00a0 \u00a0 \u00a0 \u00a0 \u00a0 \u00a0 \u00a0 \u00a0 \u00a0 \u00a0 \u00a0 \u00a0 \u00a0 \u00a0 \u00a0 \u00a0 de la Rep\u00fablica Dominicana, en donde se comparti\u00f3 sanamente en un ambiente familiar y divertido.<\/p>\n<p><a href=\"http:\/\/2horizontes.com\/wp-content\/uploads\/2017\/03\/vice2.jpg\"><img loading=\"lazy\" decoding=\"async\" class=\"size-medium wp-image-63230 alignleft\" src=\"http:\/\/2horizontes.com\/wp-content\/uploads\/2017\/03\/vice2-300x225.jpg\" alt=\"\" width=\"300\" height=\"225\" srcset=\"https:\/\/2horizontes.com\/wp-content\/uploads\/2017\/03\/vice2-300x225.jpg 300w, https:\/\/2horizontes.com\/wp-content\/uploads\/2017\/03\/vice2-768x576.jpg 768w, https:\/\/2horizontes.com\/wp-content\/uploads\/2017\/03\/vice2-510x383.jpg 510w, https:\/\/2horizontes.com\/wp-content\/uploads\/2017\/03\/vice2-100x75.jpg 100w, https:\/\/2horizontes.com\/wp-content\/uploads\/2017\/03\/vice2.jpg 1280w\" sizes=\"auto, (max-width: 300px) 100vw, 300px\" \/><\/a><\/p>\n<p>La actividad conmemorativa de la independencia dominicana estuvo dividida en tres tiempos: Una parte solemne, en la que el discurso central estuvo a cargo del c\u00f3nsul <strong>Don Jos\u00e9 Manuel Col\u00f3n<\/strong> quien entre otras cosas, abog\u00f3 por la unidad de los dominicanos residentes en Marsella, a los que exhort\u00f3 a no olvidar el sacrificio de los padres fundadores de la Rep\u00fablica \u00a0y a mantener vivos los valores patrios, as\u00ed como nuestras costumbres, ra\u00edces y tradiciones. A esto sigui\u00f3 una parte art\u00edstica que consisti\u00f3 en un concierto en vivo con la agrupaci\u00f3n <strong>\u201cAl\u00b4 Pollant &amp; Lat\u00edn Power\u201d <\/strong>un grupo musical integrado por j\u00f3venes latinoamericanos que puso los presentes a bailar a ritmo de merengue, bachata, salsa y hasta reggaet\u00f3n. La parte final consisti\u00f3 en una cena con platos y postres t\u00edpicos de la gastronom\u00eda dominicana.<\/p>\n<p><a href=\"http:\/\/2horizontes.com\/wp-content\/uploads\/2017\/03\/vic1.jpg\"><img loading=\"lazy\" decoding=\"async\" class=\"size-medium wp-image-63229 alignleft\" src=\"http:\/\/2horizontes.com\/wp-content\/uploads\/2017\/03\/vic1-300x225.jpg\" alt=\"\" width=\"300\" height=\"225\" srcset=\"https:\/\/2horizontes.com\/wp-content\/uploads\/2017\/03\/vic1-300x225.jpg 300w, https:\/\/2horizontes.com\/wp-content\/uploads\/2017\/03\/vic1-768x576.jpg 768w, https:\/\/2horizontes.com\/wp-content\/uploads\/2017\/03\/vic1-510x383.jpg 510w, https:\/\/2horizontes.com\/wp-content\/uploads\/2017\/03\/vic1-100x75.jpg 100w, https:\/\/2horizontes.com\/wp-content\/uploads\/2017\/03\/vic1.jpg 1280w\" sizes=\"auto, (max-width: 300px) 100vw, 300px\" \/><\/a><\/p>\n<p>A esta gran fiesta conmemorativa de la independencia dominicana se dieron cita adem\u00e1s, otros dominicanos residentes en distintas regiones y distritos del sur de Francia sujetas a la jurisdicci\u00f3n del consulado de Marsella, como son: Aix-en-Provence, Toulon, Manosque, Toulouse, Bouc-Bel-Air y Montpellier, del cual acudieron m\u00e1s de una veintena de j\u00f3venes estudiantes del Montpellier Business School, becados por el Gobierno Dominicano a trav\u00e9s del ministerio de Educaci\u00f3n Superior, Ciencia y Tecnolog\u00eda (MESCyT).<\/p>\n","protected":false},"excerpt":{"rendered":"<p>Por La Redacci\u00f3n Marsella, Francia.- El 173 aniversario de la independencia de la Rep\u00fablica Dominicana, fue celebrado por todo lo alto y en grande por las autoridades del consulado de dicho pa\u00eds caribe\u00f1o en esta ciudad, encabezadas por el c\u00f3nsul Don Jos\u00e9 Manuel Col\u00f3n y el vicec\u00f3nsul Don Robert Ram\u00f3n Ramos Peralta, quienes junto a [&hellip;]<\/p>\n","protected":false},"author":4,"featured_media":63227,"comment_status":"open","ping_status":"open","sticky":false,"template":"","format":"standard","meta":{"footnotes":""},"categories":[62,54,86,40,43,83],"tags":[],"class_list":["post-63226","post","type-post","status-publish","format-standard","has-post-thumbnail","hentry","category-cultura","category-emigrantes","category-europa","category-internacionales","category-politica","category-reportajes"],"_links":{"self":[{"href":"https:\/\/2horizontes.com\/index.php?rest_route=\/wp\/v2\/posts\/63226","targetHints":{"allow":["GET"]}}],"collection":[{"href":"https:\/\/2horizontes.com\/index.php?rest_route=\/wp\/v2\/posts"}],"about":[{"href":"https:\/\/2horizontes.com\/index.php?rest_route=\/wp\/v2\/types\/post"}],"author":[{"embeddable":true,"href":"https:\/\/2horizontes.com\/index.php?rest_route=\/wp\/v2\/users\/4"}],"replies":[{"embeddable":true,"href":"https:\/\/2horizontes.com\/index.php?rest_route=%2Fwp%2Fv2%2Fcomments&post=63226"}],"version-history":[{"count":2,"href":"https:\/\/2horizontes.com\/index.php?rest_route=\/wp\/v2\/posts\/63226\/revisions"}],"predecessor-version":[{"id":63232,"href":"https:\/\/2horizontes.com\/index.php?rest_route=\/wp\/v2\/posts\/63226\/revisions\/63232"}],"wp:featuredmedia":[{"embeddable":true,"href":"https:\/\/2horizontes.com\/index.php?rest_route=\/wp\/v2\/media\/63227"}],"wp:attachment":[{"href":"https:\/\/2horizontes.com\/index.php?rest_route=%2Fwp%2Fv2%2Fmedia&parent=63226"}],"wp:term":[{"taxonomy":"category","embeddable":true,"href":"https:\/\/2horizontes.com\/index.php?rest_route=%2Fwp%2Fv2%2Fcategories&post=63226"},{"taxonomy":"post_tag","embeddable":true,"href":"https:\/\/2horizontes.com\/index.php?rest_route=%2Fwp%2Fv2%2Ftags&post=63226"}],"curies":[{"name":"wp","href":"https:\/\/api.w.org\/{rel}","templated":true}]}}