{"id":63217,"date":"2017-03-01T12:47:05","date_gmt":"2017-03-01T11:47:05","guid":{"rendered":"http:\/\/2horizontes.com\/?p=63217"},"modified":"2017-03-01T12:49:14","modified_gmt":"2017-03-01T11:49:14","slug":"el-zamorano-que-mato-a-la-joven-dominicana-y-a-su-hija-se-enfrenta-a-40-anos-de-carcel","status":"publish","type":"post","link":"https:\/\/2horizontes.com\/?p=63217","title":{"rendered":"Condena de  40 a\u00f1os de c\u00e1rcel para espa\u00f1ol que mato a dominicana y su hija de 9 a\u00f1os en Madrid"},"content":{"rendered":"<h2>Las familias exigen hasta 52 a\u00f1os de prisi\u00f3n por dos asesinatos y la defensa 20 a\u00f1os por dos homicidios<\/h2>\n<p>La Fiscal\u00eda Provincial de Madrid exige 40 a\u00f1os de prisi\u00f3n, 25 por el asesinato de la peque\u00f1a Argelys; y 15, por el homicidio de su madre, Adolfina Puello S\u00e1nchez, de nacionalidad dominicana, los dos estranguladas y cuyos cad\u00e1veres fueron arrojados a un pozo de San Vicente de la Cabeza por el joven zamorano Ra\u00fal \u00c1lvarez del R\u00edo. Por el delito de violencia de g\u00e9nero, maltrato habitual, a la madre y la hija, exige 6 a\u00f1os de c\u00e1rcel, al igual que las familias de las v\u00edctimas.<\/p>\n<p><a href=\"http:\/\/2horizontes.com\/wp-content\/uploads\/2017\/03\/libro1.jpg\"><img loading=\"lazy\" decoding=\"async\" class=\"size-medium wp-image-63222 alignleft\" src=\"http:\/\/2horizontes.com\/wp-content\/uploads\/2017\/03\/libro1-300x200.jpg\" alt=\"\" width=\"300\" height=\"200\" srcset=\"https:\/\/2horizontes.com\/wp-content\/uploads\/2017\/03\/libro1-300x200.jpg 300w, https:\/\/2horizontes.com\/wp-content\/uploads\/2017\/03\/libro1-768x512.jpg 768w, https:\/\/2horizontes.com\/wp-content\/uploads\/2017\/03\/libro1-510x340.jpg 510w, https:\/\/2horizontes.com\/wp-content\/uploads\/2017\/03\/libro1.jpg 960w\" sizes=\"auto, (max-width: 300px) 100vw, 300px\" \/><\/a><\/p>\n<p>El Ministerio P\u00fablico solicit\u00f3 la agravante de superioridad del joven zamorano, autor confeso de las dos muertes, respecto de la ni\u00f1a de 9 a\u00f1os, sin que esta tuviera posibilidades de defensa cuando fue estrangulada. La acusaci\u00f3n p\u00fablica pidi\u00f3 a los integrantes del jurado -aislado ya para deliberar y cuyo veredicto se conocer\u00e1 el lunes- que apliquen tambi\u00e9n la agravante de parentesco, dada la relaci\u00f3n sentimental que un\u00eda a Adolfina con el acusado. Desisten de la agravante que inicialmente planteaba de ensa\u00f1amiento y la de m\u00f3vil econ\u00f3mico, puesto que se demostr\u00f3 que dos de las extracciones de las cuentas de la mujer se realizaron cuando Ra\u00fal estaba siendo interrogado por la Polic\u00eda Nacional y otra cuando estaba localizado.<\/p>\n<p>La fiscal no dud\u00f3 en advertir al jurado que el acusado, el zamorano Ra\u00fal \u00c1lvarez del R\u00edo, es un hombre \u00abfr\u00edo y calculador\u00bb, que \u00abmat\u00f3 a sangre fr\u00eda\u00bb a las dos v\u00edctimas dentro de un plan que ten\u00eda perfectamente ideado, explic\u00f3 en sus conclusiones definitivas en la \u00faltima jornada del juicio celebrado en la Audiencia Provincial de Madrid.<\/p>\n<p>La acusaci\u00f3n particular ejercida por la madre de la joven dominicana se mantuvo en los 52 a\u00f1os de prisi\u00f3n, al considerar que Ra\u00fal asesin\u00f3 a Adolfina y a su hija, que actu\u00f3 sabiendo lo que hac\u00eda, con plena consciencia, tal y como sostuvo tambi\u00e9n la Fiscal\u00eda y el abogado de la abuela paterna.<\/p>\n<p>Por su parte, la abuela paterna de la menor se sum\u00f3 a la petici\u00f3n de los 40 a\u00f1os de prisi\u00f3n solicitados por la prisi\u00f3n por considerar que madre e hija fueron asesinadas y que no cabe hablar de homicidio en el caso de Adolfina.<\/p>\n<p><a href=\"http:\/\/2horizontes.com\/wp-content\/uploads\/2017\/03\/lib9.jpg\"><img loading=\"lazy\" decoding=\"async\" class=\"size-medium wp-image-63221 alignleft\" src=\"http:\/\/2horizontes.com\/wp-content\/uploads\/2017\/03\/lib9-300x200.jpg\" alt=\"\" width=\"300\" height=\"200\" srcset=\"https:\/\/2horizontes.com\/wp-content\/uploads\/2017\/03\/lib9-300x200.jpg 300w, https:\/\/2horizontes.com\/wp-content\/uploads\/2017\/03\/lib9-768x512.jpg 768w, https:\/\/2horizontes.com\/wp-content\/uploads\/2017\/03\/lib9-510x340.jpg 510w, https:\/\/2horizontes.com\/wp-content\/uploads\/2017\/03\/lib9.jpg 960w\" sizes=\"auto, (max-width: 300px) 100vw, 300px\" \/><\/a><\/p>\n<p>La defensa de Ra\u00fal, una vez que su cliente admiti\u00f3 haber estrangulado a su expareja y la hija de esta, califica los cr\u00edmenes como homicidios, sostiene que \u00abno actu\u00f3 con premeditaci\u00f3n\u00bb. Record\u00f3 el testimonio del responsable de la polic\u00eda cient\u00edfica que apunt\u00f3 la cadena de errores cometidos por el acusado, como el de quedarse con los tel\u00e9fonos m\u00f3viles de las v\u00edctimas, como indicios de que no ten\u00eda nada calculado. El letrado se remiti\u00f3 a la declaraci\u00f3n del polic\u00eda para solicitar la atenuante de confesi\u00f3n, ya que \u00absi Ra\u00fal no hubiera dicho d\u00f3nde estaban los cuerpos jam\u00e1s se habr\u00edan encontrado\u00bb, como manifest\u00f3 el agente. El pozo de San Vicente de la Cabeza era un acu\u00edfero abandonado, en una zona deteriorada y con restos de una noria de hierro encima y oculto por maleza. En la inspecci\u00f3n ocular que efectuaron los polic\u00edas a los pocos d\u00edas de desaparecer las v\u00edctimas descartaron ese pozo como lugar donde podr\u00edan estar los cuerpos por el dif\u00edcil acceso y el mal estado de su estructura. Record\u00f3 que el due\u00f1o del piso de Vallecas, donde ocurrieron los cr\u00edmenes, ahora desaparecido, fue el primero que los cuerpos estaban en ese pozo, sin que se le detuviera ni investigara.<\/p>\n<p>El abogado pidi\u00f3 la atenuante de arrebato, dado que \u00abes un estado mental que depende del car\u00e1cter de cada persona\u00bb, al tiempo que incid\u00eda en que los cr\u00edmenes no fueron premeditados sino fruto de un acaloramiento por la discusi\u00f3n desatada entre la pareja, siempre seg\u00fan el testimonio del procesado.<\/p>\n<p><a href=\"http:\/\/2horizontes.com\/wp-content\/uploads\/2017\/03\/lib5.jpg\"><img loading=\"lazy\" decoding=\"async\" class=\"size-medium wp-image-63220 alignleft\" src=\"http:\/\/2horizontes.com\/wp-content\/uploads\/2017\/03\/lib5-300x200.jpg\" alt=\"\" width=\"300\" height=\"200\" srcset=\"https:\/\/2horizontes.com\/wp-content\/uploads\/2017\/03\/lib5-300x200.jpg 300w, https:\/\/2horizontes.com\/wp-content\/uploads\/2017\/03\/lib5-768x512.jpg 768w, https:\/\/2horizontes.com\/wp-content\/uploads\/2017\/03\/lib5-510x340.jpg 510w, https:\/\/2horizontes.com\/wp-content\/uploads\/2017\/03\/lib5.jpg 960w\" sizes=\"auto, (max-width: 300px) 100vw, 300px\" \/><\/a><\/p>\n<p><strong>Descartes<\/strong><\/p>\n<p>Lo que no admiti\u00f3 el juez, tal y como exigi\u00f3 la defensa del acusado, fue el delito de violencia de g\u00e9nero, el maltrato habitual, a madre e hija que alegan las tres acusaciones y el Abogado del Estado -personado en la causa por este delito-, al entender que no es un delito que pueda ventilarse por un jurado, ya que la Ley del Jurado no lo contempla. El magistrado manifest\u00f3 que no ser\u00e1 objeto de veredicto porque supondr\u00eda la nulidad del juicio. La decisi\u00f3n deja fuera las peticiones de 6 a\u00f1os de prisi\u00f3n por el maltrato a madre e hija.<\/p>\n<p>Fuente : la Opini\u00f3n de Zamora<\/p>\n","protected":false},"excerpt":{"rendered":"<p>Las familias exigen hasta 52 a\u00f1os de prisi\u00f3n por dos asesinatos y la defensa 20 a\u00f1os por dos homicidios La Fiscal\u00eda Provincial de Madrid exige 40 a\u00f1os de prisi\u00f3n, 25 por el asesinato de la peque\u00f1a Argelys; y 15, por el homicidio de su madre, Adolfina Puello S\u00e1nchez, de nacionalidad dominicana, los dos estranguladas y [&hellip;]<\/p>\n","protected":false},"author":4,"featured_media":63219,"comment_status":"open","ping_status":"open","sticky":false,"template":"","format":"standard","meta":{"footnotes":""},"categories":[46,54,83],"tags":[],"class_list":["post-63217","post","type-post","status-publish","format-standard","has-post-thumbnail","hentry","category-dominicanos-en-madrid","category-emigrantes","category-reportajes"],"_links":{"self":[{"href":"https:\/\/2horizontes.com\/index.php?rest_route=\/wp\/v2\/posts\/63217","targetHints":{"allow":["GET"]}}],"collection":[{"href":"https:\/\/2horizontes.com\/index.php?rest_route=\/wp\/v2\/posts"}],"about":[{"href":"https:\/\/2horizontes.com\/index.php?rest_route=\/wp\/v2\/types\/post"}],"author":[{"embeddable":true,"href":"https:\/\/2horizontes.com\/index.php?rest_route=\/wp\/v2\/users\/4"}],"replies":[{"embeddable":true,"href":"https:\/\/2horizontes.com\/index.php?rest_route=%2Fwp%2Fv2%2Fcomments&post=63217"}],"version-history":[{"count":3,"href":"https:\/\/2horizontes.com\/index.php?rest_route=\/wp\/v2\/posts\/63217\/revisions"}],"predecessor-version":[{"id":63225,"href":"https:\/\/2horizontes.com\/index.php?rest_route=\/wp\/v2\/posts\/63217\/revisions\/63225"}],"wp:featuredmedia":[{"embeddable":true,"href":"https:\/\/2horizontes.com\/index.php?rest_route=\/wp\/v2\/media\/63219"}],"wp:attachment":[{"href":"https:\/\/2horizontes.com\/index.php?rest_route=%2Fwp%2Fv2%2Fmedia&parent=63217"}],"wp:term":[{"taxonomy":"category","embeddable":true,"href":"https:\/\/2horizontes.com\/index.php?rest_route=%2Fwp%2Fv2%2Fcategories&post=63217"},{"taxonomy":"post_tag","embeddable":true,"href":"https:\/\/2horizontes.com\/index.php?rest_route=%2Fwp%2Fv2%2Ftags&post=63217"}],"curies":[{"name":"wp","href":"https:\/\/api.w.org\/{rel}","templated":true}]}}