{"id":63158,"date":"2017-02-27T14:18:29","date_gmt":"2017-02-27T13:18:29","guid":{"rendered":"http:\/\/2horizontes.com\/?p=63158"},"modified":"2017-02-27T14:18:29","modified_gmt":"2017-02-27T13:18:29","slug":"marilu-martens-la-homosexualidad-no-se-ensena-lo-que-si-se-puede-aprender-es-la-homofobia","status":"publish","type":"post","link":"https:\/\/2horizontes.com\/?p=63158","title":{"rendered":"Maril\u00fa Martens: \u00abla homosexualidad no se ense\u00f1a, lo que s\u00ed se puede aprender es la homofobia\u00bb"},"content":{"rendered":"<p>Valorar y respetar nuestras diferencias no significa promover la homosexualidad ni ning\u00fan tipo de ideolog\u00eda. <strong>La homosexualidad no se ense\u00f1a. Lo que s\u00ed se puede aprender es la homofobia, la violencia y el racismo<\/strong>. Eso lo tenemos que cortar de ra\u00edz\u00bb afirma <strong>Maril\u00fa Martens<\/strong>, ministra de Educaci\u00f3n de Per\u00fa a trav\u00e9s de un v\u00eddeo que ha publicado en las redes sociales para aclarar las suspicacias que el nuevo Curr\u00edculo Nacional Escolar ha despertado en los sectores m\u00e1s conservadores, animados por grupos cat\u00f3licos y evang\u00e9licos que han promovido la campa\u00f1a #ConMisHijosNoTeMetas.<\/p>\n<p>En un v\u00eddeo de casi tres minutos, Maril\u00fa Mertens aclara en tres puntos \u00abmuy concretos\u00bb el aut\u00e9ntico prop\u00f3sito del plan del nuevo a\u00f1o escolar y que vendr\u00eda a ser, primero, que promueve la <strong>igualdad de g\u00e9nero<\/strong>, segundo, que reconoce a <strong>la familia como el primer formador del menor<\/strong>, y tercero, que promueve <strong>el respeto y la no discriminaci\u00f3n<\/strong> en un pa\u00eds en el que \u00ab se registran tres casos diarios de ni\u00f1os que sufren de discriminaci\u00f3n por su color de piel, su condici\u00f3n social o simplemente por ser diferente\u00bb.<\/p>\n<p>De esta manera pretende zanjar un conflicto que surge ante la movilizaci\u00f3n de un grupo de padres de familia que, junto con colectivos religiosos, <strong>han llegado a afirmar la pretensi\u00f3n del ministerio de educaci\u00f3n de \u00abhomosexualizar\u00bb a los escolares de primaria<\/strong> de hasta 5455 colegios p\u00fablicos, que son los primeros a los que se van a aplicar este Curr\u00edculo Nacional Escolar. Agrupados bajo el lema #ConMisHijosNoTeMetas han convocado una manifestaci\u00f3n el pr\u00f3ximo s\u00e1bado, 4 de marzo. \u00ab<i>\u00danete a la marcha m\u00e1s grande de la historia de la Rep\u00fablica del Per\u00fa para defender nuestros derechos y libertades contra la impositiva y totalitaria #Ideolog\u00edadeG\u00e9nero\u00bb<\/i> explican en un <a href=\"https:\/\/www.facebook.com\/conmishijosnotemetasperuoficial\/\" target=\"_blank\">evento de Facebook<\/a>.<\/p>\n","protected":false},"excerpt":{"rendered":"<p>Valorar y respetar nuestras diferencias no significa promover la homosexualidad ni ning\u00fan tipo de ideolog\u00eda. La homosexualidad no se ense\u00f1a. Lo que s\u00ed se puede aprender es la homofobia, la violencia y el racismo. Eso lo tenemos que cortar de ra\u00edz\u00bb afirma Maril\u00fa Martens, ministra de Educaci\u00f3n de Per\u00fa a trav\u00e9s de un v\u00eddeo que [&hellip;]<\/p>\n","protected":false},"author":3,"featured_media":63159,"comment_status":"open","ping_status":"open","sticky":false,"template":"","format":"standard","meta":{"footnotes":""},"categories":[57],"tags":[],"class_list":["post-63158","post","type-post","status-publish","format-standard","has-post-thumbnail","hentry","category-mundo-gay"],"_links":{"self":[{"href":"https:\/\/2horizontes.com\/index.php?rest_route=\/wp\/v2\/posts\/63158","targetHints":{"allow":["GET"]}}],"collection":[{"href":"https:\/\/2horizontes.com\/index.php?rest_route=\/wp\/v2\/posts"}],"about":[{"href":"https:\/\/2horizontes.com\/index.php?rest_route=\/wp\/v2\/types\/post"}],"author":[{"embeddable":true,"href":"https:\/\/2horizontes.com\/index.php?rest_route=\/wp\/v2\/users\/3"}],"replies":[{"embeddable":true,"href":"https:\/\/2horizontes.com\/index.php?rest_route=%2Fwp%2Fv2%2Fcomments&post=63158"}],"version-history":[{"count":1,"href":"https:\/\/2horizontes.com\/index.php?rest_route=\/wp\/v2\/posts\/63158\/revisions"}],"predecessor-version":[{"id":63160,"href":"https:\/\/2horizontes.com\/index.php?rest_route=\/wp\/v2\/posts\/63158\/revisions\/63160"}],"wp:featuredmedia":[{"embeddable":true,"href":"https:\/\/2horizontes.com\/index.php?rest_route=\/wp\/v2\/media\/63159"}],"wp:attachment":[{"href":"https:\/\/2horizontes.com\/index.php?rest_route=%2Fwp%2Fv2%2Fmedia&parent=63158"}],"wp:term":[{"taxonomy":"category","embeddable":true,"href":"https:\/\/2horizontes.com\/index.php?rest_route=%2Fwp%2Fv2%2Fcategories&post=63158"},{"taxonomy":"post_tag","embeddable":true,"href":"https:\/\/2horizontes.com\/index.php?rest_route=%2Fwp%2Fv2%2Ftags&post=63158"}],"curies":[{"name":"wp","href":"https:\/\/api.w.org\/{rel}","templated":true}]}}