{"id":63152,"date":"2017-02-27T13:57:03","date_gmt":"2017-02-27T12:57:03","guid":{"rendered":"http:\/\/2horizontes.com\/?p=63152"},"modified":"2017-02-27T13:57:03","modified_gmt":"2017-02-27T12:57:03","slug":"accidente-mortal-en-la-estacion-sant-andreu-arenal-de-barcelona","status":"publish","type":"post","link":"https:\/\/2horizontes.com\/?p=63152","title":{"rendered":"Accidente mortal en la estaci\u00f3n Sant Andreu Arenal de Barcelona"},"content":{"rendered":"<p>Un <b>hombre <\/b>de 42 a\u00f1os ha <b>muerto <\/b>este s\u00e1bado por la tarde al caer a la v\u00eda y ser arrollado por un tren de cercan\u00edas en la estaci\u00f3n de tren <b>Sant <\/b><b>Andreu <\/b><b>Arenal <\/b>de <b>Barcelona<\/b>. Seg\u00fan las primeras informaciones por fuentes cercanas al caso, el accidente ha ocurrido hacia las 19.15 horas.<\/p>\n<p>Estas primeras informaciones citadas por la agencia Efe apuntan a que la v\u00edctima habr\u00eda perdido el control de la bicicleta en la que circulaba por el and\u00e9n de la estaci\u00f3n de tren y se habr\u00eda precipitado a la v\u00eda.<\/p>\n<div id=\"hybs-slot-198b81f2\" class=\"hybs-slot\"><\/div>\n<p>Sin embargo, un acompa\u00f1ante de la v\u00edctima ha negado a <i>La Vanguardia<\/i> que el hombre fuera en bicicleta en el momento del accidente, sino que de forma fortuita tropez\u00f3 y cay\u00f3 entre el and\u00e9n y el convoy. Mossos se limita a confirmar el siniestro y, sin desmentir ni confirmar ninguna versi\u00f3n, a\u00f1ade que se est\u00e1n investigando las causas<\/p>\n","protected":false},"excerpt":{"rendered":"<p>Un hombre de 42 a\u00f1os ha muerto este s\u00e1bado por la tarde al caer a la v\u00eda y ser arrollado por un tren de cercan\u00edas en la estaci\u00f3n de tren Sant Andreu Arenal de Barcelona. Seg\u00fan las primeras informaciones por fuentes cercanas al caso, el accidente ha ocurrido hacia las 19.15 horas. Estas primeras informaciones [&hellip;]<\/p>\n","protected":false},"author":3,"featured_media":63153,"comment_status":"open","ping_status":"open","sticky":false,"template":"","format":"standard","meta":{"footnotes":""},"categories":[85],"tags":[],"class_list":["post-63152","post","type-post","status-publish","format-standard","has-post-thumbnail","hentry","category-espana"],"_links":{"self":[{"href":"https:\/\/2horizontes.com\/index.php?rest_route=\/wp\/v2\/posts\/63152","targetHints":{"allow":["GET"]}}],"collection":[{"href":"https:\/\/2horizontes.com\/index.php?rest_route=\/wp\/v2\/posts"}],"about":[{"href":"https:\/\/2horizontes.com\/index.php?rest_route=\/wp\/v2\/types\/post"}],"author":[{"embeddable":true,"href":"https:\/\/2horizontes.com\/index.php?rest_route=\/wp\/v2\/users\/3"}],"replies":[{"embeddable":true,"href":"https:\/\/2horizontes.com\/index.php?rest_route=%2Fwp%2Fv2%2Fcomments&post=63152"}],"version-history":[{"count":1,"href":"https:\/\/2horizontes.com\/index.php?rest_route=\/wp\/v2\/posts\/63152\/revisions"}],"predecessor-version":[{"id":63154,"href":"https:\/\/2horizontes.com\/index.php?rest_route=\/wp\/v2\/posts\/63152\/revisions\/63154"}],"wp:featuredmedia":[{"embeddable":true,"href":"https:\/\/2horizontes.com\/index.php?rest_route=\/wp\/v2\/media\/63153"}],"wp:attachment":[{"href":"https:\/\/2horizontes.com\/index.php?rest_route=%2Fwp%2Fv2%2Fmedia&parent=63152"}],"wp:term":[{"taxonomy":"category","embeddable":true,"href":"https:\/\/2horizontes.com\/index.php?rest_route=%2Fwp%2Fv2%2Fcategories&post=63152"},{"taxonomy":"post_tag","embeddable":true,"href":"https:\/\/2horizontes.com\/index.php?rest_route=%2Fwp%2Fv2%2Ftags&post=63152"}],"curies":[{"name":"wp","href":"https:\/\/api.w.org\/{rel}","templated":true}]}}