{"id":63137,"date":"2017-02-27T13:35:40","date_gmt":"2017-02-27T12:35:40","guid":{"rendered":"http:\/\/2horizontes.com\/?p=63137"},"modified":"2017-02-27T13:35:40","modified_gmt":"2017-02-27T12:35:40","slug":"procesan-a-victor-valdes-por-falsear-titulos-nauticos","status":"publish","type":"post","link":"https:\/\/2horizontes.com\/?p=63137","title":{"rendered":"Procesan a V\u00edctor Vald\u00e9s por falsear t\u00edtulos n\u00e1uticos"},"content":{"rendered":"<p>La secci\u00f3n quinta de la <b>Audiencia Provincial de Valencia <\/b>ha confirmado el procesamiento de once personas, entre ellas el futbolista <b>V\u00edctor Vald\u00e9s <\/b>y el actor<b> \u00d3scar Jaenada<\/b>, por falsear t\u00edtulos n\u00e1uticos. Seg\u00fan consta en un auto, al que ha tenido acceso EFE, ambos est\u00e1n procesados por un supuesto delito de falsedad documental y grupo organizado como consecuencia de una operaci\u00f3n de la Guardia Civil desarrollada a principios de 2012, en la que se produjeron varias detenciones.<\/p>\n<p>Al parecer, los investigados obtuvieron el t\u00edtulo de patr\u00f3n de yate sin haberse presentado al examen, en una prueba en la que habr\u00edan sido suplantados por otras personas utilizando documentos de identidad falsificados. Otros procesados habr\u00edan realizado el examen con un auricular, a trav\u00e9s del cual se les facilitaban las respuestas, seg\u00fan sospechan los investigadores<\/p>\n","protected":false},"excerpt":{"rendered":"<p>La secci\u00f3n quinta de la Audiencia Provincial de Valencia ha confirmado el procesamiento de once personas, entre ellas el futbolista V\u00edctor Vald\u00e9s y el actor \u00d3scar Jaenada, por falsear t\u00edtulos n\u00e1uticos. Seg\u00fan consta en un auto, al que ha tenido acceso EFE, ambos est\u00e1n procesados por un supuesto delito de falsedad documental y grupo organizado [&hellip;]<\/p>\n","protected":false},"author":3,"featured_media":63138,"comment_status":"open","ping_status":"open","sticky":false,"template":"","format":"standard","meta":{"footnotes":""},"categories":[42],"tags":[],"class_list":["post-63137","post","type-post","status-publish","format-standard","has-post-thumbnail","hentry","category-deportes"],"_links":{"self":[{"href":"https:\/\/2horizontes.com\/index.php?rest_route=\/wp\/v2\/posts\/63137","targetHints":{"allow":["GET"]}}],"collection":[{"href":"https:\/\/2horizontes.com\/index.php?rest_route=\/wp\/v2\/posts"}],"about":[{"href":"https:\/\/2horizontes.com\/index.php?rest_route=\/wp\/v2\/types\/post"}],"author":[{"embeddable":true,"href":"https:\/\/2horizontes.com\/index.php?rest_route=\/wp\/v2\/users\/3"}],"replies":[{"embeddable":true,"href":"https:\/\/2horizontes.com\/index.php?rest_route=%2Fwp%2Fv2%2Fcomments&post=63137"}],"version-history":[{"count":1,"href":"https:\/\/2horizontes.com\/index.php?rest_route=\/wp\/v2\/posts\/63137\/revisions"}],"predecessor-version":[{"id":63139,"href":"https:\/\/2horizontes.com\/index.php?rest_route=\/wp\/v2\/posts\/63137\/revisions\/63139"}],"wp:featuredmedia":[{"embeddable":true,"href":"https:\/\/2horizontes.com\/index.php?rest_route=\/wp\/v2\/media\/63138"}],"wp:attachment":[{"href":"https:\/\/2horizontes.com\/index.php?rest_route=%2Fwp%2Fv2%2Fmedia&parent=63137"}],"wp:term":[{"taxonomy":"category","embeddable":true,"href":"https:\/\/2horizontes.com\/index.php?rest_route=%2Fwp%2Fv2%2Fcategories&post=63137"},{"taxonomy":"post_tag","embeddable":true,"href":"https:\/\/2horizontes.com\/index.php?rest_route=%2Fwp%2Fv2%2Ftags&post=63137"}],"curies":[{"name":"wp","href":"https:\/\/api.w.org\/{rel}","templated":true}]}}