{"id":63084,"date":"2017-02-23T16:58:44","date_gmt":"2017-02-23T15:58:44","guid":{"rendered":"http:\/\/2horizontes.com\/?p=63084"},"modified":"2017-02-23T16:58:44","modified_gmt":"2017-02-23T15:58:44","slug":"fallecio-el-actor-venezolano-roberto-lamarca","status":"publish","type":"post","link":"https:\/\/2horizontes.com\/?p=63084","title":{"rendered":"Falleci\u00f3 el actor venezolano Roberto Lamarca"},"content":{"rendered":"<p>As\u00ed lo dio a conocer el canal <a href=\"http:\/\/globovision.com\/article\/periodistas-anuncian-en-twitter-el-fallecimiento-del-actor-roberto-lamarca\"><em><strong>Globovisi\u00f3n<\/strong><\/em><\/a>.<\/p>\n<p>De acuerdo con la informaci\u00f3n conocida en d\u00edas pasados, el int\u00e9rprete habr\u00eda ingresado el pasado 26 de enero a una conocida cl\u00ednica de la ciudad capital debido a una complicaci\u00f3n pulmonar, para la cual, requer\u00eda de donantes de sangre.<\/p>\n<p>Lamarca particip\u00f3 en recordadas producciones dram\u00e1ticas como \u201cPor estas calles\u201d y \u201cCosita Rica\u201d, as\u00ed como en \u201cEl amor las vuelve locas\u201d y \u201cLa vida entera\u201d.<\/p>\n<p>Distintas personalidades del mundo art\u00edstico y period\u00edstico lamentaron el fallecimiento del actor.<\/p>\n<p>Pese al hermetismo de la familia, el estado de Lamarca trascendi\u00f3 hace varios meses cuando algunos artistas de teatro comenzaron a ofrecer funciones para ayudarlo a costear los gastos de la hospitalizaci\u00f3n que cumpl\u00eda desde el pasado 26 de enero.<\/p>\n<p>En un principio se presum\u00eda que el actor padec\u00eda c\u00e1ncer de pulm\u00f3n, pero tal informaci\u00f3n fue desmentida por una fuente cercana al mismo, la cual aclar\u00f3 que se trataba de otra afecci\u00f3n f\u00edsica que le hab\u00eda causado complicaciones respiratorias.<\/p>\n<p><strong>Una vida\u00a0entre la actuaci\u00f3n y el comercio<\/strong><\/p>\n<p>De acuerdo con una rese\u00f1a del portal web <a href=\"http:\/\/www.venevision.com\/estrella\/roberto-lamarca\"><em><strong>Venevisi\u00f3n<\/strong><\/em><\/a>, Lamarca naci\u00f3 en Corato, Provincia de Bari. Italia. Se inici\u00f3 en el mundo art\u00edstico a los 9 a\u00f1os de edad.<\/p>\n<p>Contaba con m\u00e1s de 40 a\u00f1os de trayectoria profesional destac\u00e1ndose en teatro y televisi\u00f3n.<\/p>\n<p>A la par de pertenecer al mundo de la actuaci\u00f3n, Lamarca tambi\u00e9n era comerciante.<\/p>\n","protected":false},"excerpt":{"rendered":"<p>As\u00ed lo dio a conocer el canal Globovisi\u00f3n. De acuerdo con la informaci\u00f3n conocida en d\u00edas pasados, el int\u00e9rprete habr\u00eda ingresado el pasado 26 de enero a una conocida cl\u00ednica de la ciudad capital debido a una complicaci\u00f3n pulmonar, para la cual, requer\u00eda de donantes de sangre. Lamarca particip\u00f3 en recordadas producciones dram\u00e1ticas como \u201cPor [&hellip;]<\/p>\n","protected":false},"author":3,"featured_media":63085,"comment_status":"open","ping_status":"open","sticky":false,"template":"","format":"standard","meta":{"footnotes":""},"categories":[40,48],"tags":[],"class_list":["post-63084","post","type-post","status-publish","format-standard","has-post-thumbnail","hentry","category-internacionales","category-venezuela"],"_links":{"self":[{"href":"https:\/\/2horizontes.com\/index.php?rest_route=\/wp\/v2\/posts\/63084","targetHints":{"allow":["GET"]}}],"collection":[{"href":"https:\/\/2horizontes.com\/index.php?rest_route=\/wp\/v2\/posts"}],"about":[{"href":"https:\/\/2horizontes.com\/index.php?rest_route=\/wp\/v2\/types\/post"}],"author":[{"embeddable":true,"href":"https:\/\/2horizontes.com\/index.php?rest_route=\/wp\/v2\/users\/3"}],"replies":[{"embeddable":true,"href":"https:\/\/2horizontes.com\/index.php?rest_route=%2Fwp%2Fv2%2Fcomments&post=63084"}],"version-history":[{"count":1,"href":"https:\/\/2horizontes.com\/index.php?rest_route=\/wp\/v2\/posts\/63084\/revisions"}],"predecessor-version":[{"id":63086,"href":"https:\/\/2horizontes.com\/index.php?rest_route=\/wp\/v2\/posts\/63084\/revisions\/63086"}],"wp:featuredmedia":[{"embeddable":true,"href":"https:\/\/2horizontes.com\/index.php?rest_route=\/wp\/v2\/media\/63085"}],"wp:attachment":[{"href":"https:\/\/2horizontes.com\/index.php?rest_route=%2Fwp%2Fv2%2Fmedia&parent=63084"}],"wp:term":[{"taxonomy":"category","embeddable":true,"href":"https:\/\/2horizontes.com\/index.php?rest_route=%2Fwp%2Fv2%2Fcategories&post=63084"},{"taxonomy":"post_tag","embeddable":true,"href":"https:\/\/2horizontes.com\/index.php?rest_route=%2Fwp%2Fv2%2Ftags&post=63084"}],"curies":[{"name":"wp","href":"https:\/\/api.w.org\/{rel}","templated":true}]}}