{"id":62994,"date":"2017-02-21T11:19:04","date_gmt":"2017-02-21T10:19:04","guid":{"rendered":"http:\/\/2horizontes.com\/?p=62994"},"modified":"2017-02-21T11:19:04","modified_gmt":"2017-02-21T10:19:04","slug":"un-ano-de-prision-a-un-nazi-por-pegar-e-insultar-a-dos-mujeres-arabes-en-un-bus","status":"publish","type":"post","link":"https:\/\/2horizontes.com\/?p=62994","title":{"rendered":"Un a\u00f1o de prisi\u00f3n a un nazi por pegar e insultar a dos mujeres \u00e1rabes en un bus"},"content":{"rendered":"<p>La Audiencia de Barcelona ha confirmado la condena de <b>un a\u00f1o de prisi\u00f3n<\/b> que un juez de Terrassa (Barcelona) impuso a un <b>neonazi<\/b> por proferir <b>insultos y agredir a dos mujeres marroqu\u00edes <\/b>a las que se encontr\u00f3 en un autob\u00fas y a quienes adem\u00e1s intimid\u00f3 con una navaja con una inscripci\u00f3n de las SS alemanas.<\/p>\n<p>En su sentencia, la Audiencia desestima el recurso que el acusado present\u00f3 contra su condena, dictada por el Juzgado de lo penal n\u00famero 1 de Terrassa, al dar credibilidad a las declaraciones de los testigos, cuyas manifestaciones son, para el tribunal, \u00abclaras, directas, sin exageraciones ni extravagancias\u00bb y dibujan un relato \u00abcoherente\u00bb.<\/p>\n","protected":false},"excerpt":{"rendered":"<p>La Audiencia de Barcelona ha confirmado la condena de un a\u00f1o de prisi\u00f3n que un juez de Terrassa (Barcelona) impuso a un neonazi por proferir insultos y agredir a dos mujeres marroqu\u00edes a las que se encontr\u00f3 en un autob\u00fas y a quienes adem\u00e1s intimid\u00f3 con una navaja con una inscripci\u00f3n de las SS alemanas. [&hellip;]<\/p>\n","protected":false},"author":3,"featured_media":62995,"comment_status":"open","ping_status":"open","sticky":false,"template":"","format":"standard","meta":{"footnotes":""},"categories":[85],"tags":[],"class_list":["post-62994","post","type-post","status-publish","format-standard","has-post-thumbnail","hentry","category-espana"],"_links":{"self":[{"href":"https:\/\/2horizontes.com\/index.php?rest_route=\/wp\/v2\/posts\/62994","targetHints":{"allow":["GET"]}}],"collection":[{"href":"https:\/\/2horizontes.com\/index.php?rest_route=\/wp\/v2\/posts"}],"about":[{"href":"https:\/\/2horizontes.com\/index.php?rest_route=\/wp\/v2\/types\/post"}],"author":[{"embeddable":true,"href":"https:\/\/2horizontes.com\/index.php?rest_route=\/wp\/v2\/users\/3"}],"replies":[{"embeddable":true,"href":"https:\/\/2horizontes.com\/index.php?rest_route=%2Fwp%2Fv2%2Fcomments&post=62994"}],"version-history":[{"count":1,"href":"https:\/\/2horizontes.com\/index.php?rest_route=\/wp\/v2\/posts\/62994\/revisions"}],"predecessor-version":[{"id":62996,"href":"https:\/\/2horizontes.com\/index.php?rest_route=\/wp\/v2\/posts\/62994\/revisions\/62996"}],"wp:featuredmedia":[{"embeddable":true,"href":"https:\/\/2horizontes.com\/index.php?rest_route=\/wp\/v2\/media\/62995"}],"wp:attachment":[{"href":"https:\/\/2horizontes.com\/index.php?rest_route=%2Fwp%2Fv2%2Fmedia&parent=62994"}],"wp:term":[{"taxonomy":"category","embeddable":true,"href":"https:\/\/2horizontes.com\/index.php?rest_route=%2Fwp%2Fv2%2Fcategories&post=62994"},{"taxonomy":"post_tag","embeddable":true,"href":"https:\/\/2horizontes.com\/index.php?rest_route=%2Fwp%2Fv2%2Ftags&post=62994"}],"curies":[{"name":"wp","href":"https:\/\/api.w.org\/{rel}","templated":true}]}}