{"id":62872,"date":"2017-02-13T21:22:25","date_gmt":"2017-02-13T20:22:25","guid":{"rendered":"http:\/\/2horizontes.com\/?p=62872"},"modified":"2017-02-13T21:22:25","modified_gmt":"2017-02-13T20:22:25","slug":"jesse-joy-ganaron-su-primer-grammy","status":"publish","type":"post","link":"https:\/\/2horizontes.com\/?p=62872","title":{"rendered":"Jesse &amp; Joy ganaron su primer Grammy"},"content":{"rendered":"<p>Doce a\u00f1os despu\u00e9s de iniciar su carrera art\u00edstica, los mexicanos del d\u00fao Jesse &amp; Joy consiguieron llevarse una estatuilla en la ceremonia del<strong><a href=\"http:\/\/elcomercio.pe\/noticias\/grammy-109174?ref=nota_movil_luces&amp;ft=contenido\" target=\"_top\">Grammy 2017<\/a><\/strong>, entregado en California, Estados Unidos. Es la primera vez que consiguen el premio, aunque en ocasiones anteriores se llevaron la versi\u00f3n latina en seis ocasiones.<\/p>\n<p>Los autores del \u00e9xito \u00ab\u00a1Corre!\u00bb se llevaron el premio a Mejor \u00e1lbum de latin pop con la producci\u00f3n \u00abUn besito m\u00e1s\u00bb, para el cual compitieron contra artistas como Gaby Moreno (\u00abMetamorfosis\u00bb), Laura Pausini (\u00abSimilares\u00bb), Sanalejo (\u00abSeguir Latiendo\u00bb) y Diego Torres (\u00abBuena vida\u00bb).<\/p>\n<p>De momento los artistas no se han prnunciado tras llevarse el <strong>Grammy<\/strong>, pero antes, v\u00eda Facebook, indicaron que la nominaci\u00f3n significa mucho para ellos, \u00abGracias, gente linda, por darnos tanto amor y permitirnos so\u00f1ar despiertos haciendo lo que amamos\u00bb, indicaron los hermanos.<\/p>\n<p>Esta victoria llega unos d\u00edas despu\u00e9s de que los artistas presentaran el videoclip de la canci\u00f3n \u00abMe soltaste\u00bb, el cual ha sido visto m\u00e1s de un mill\u00f3n de veces en YouTube.<\/p>\n<div class=\"img-nota\"><img decoding=\"async\" class=\"i-amphtml-fill-content -amp-fill-content amp-hidden\" src=\"https:\/\/i.ytimg.com\/vi\/nvxwiRuFgB0\/sddefault.jpg#404_is_fine\" \/><\/div>\n","protected":false},"excerpt":{"rendered":"<p>Doce a\u00f1os despu\u00e9s de iniciar su carrera art\u00edstica, los mexicanos del d\u00fao Jesse &amp; Joy consiguieron llevarse una estatuilla en la ceremonia delGrammy 2017, entregado en California, Estados Unidos. Es la primera vez que consiguen el premio, aunque en ocasiones anteriores se llevaron la versi\u00f3n latina en seis ocasiones. Los autores del \u00e9xito \u00ab\u00a1Corre!\u00bb se [&hellip;]<\/p>\n","protected":false},"author":3,"featured_media":62873,"comment_status":"open","ping_status":"open","sticky":false,"template":"","format":"standard","meta":{"footnotes":""},"categories":[1],"tags":[],"class_list":["post-62872","post","type-post","status-publish","format-standard","has-post-thumbnail","hentry","category-entretenimiento"],"_links":{"self":[{"href":"https:\/\/2horizontes.com\/index.php?rest_route=\/wp\/v2\/posts\/62872","targetHints":{"allow":["GET"]}}],"collection":[{"href":"https:\/\/2horizontes.com\/index.php?rest_route=\/wp\/v2\/posts"}],"about":[{"href":"https:\/\/2horizontes.com\/index.php?rest_route=\/wp\/v2\/types\/post"}],"author":[{"embeddable":true,"href":"https:\/\/2horizontes.com\/index.php?rest_route=\/wp\/v2\/users\/3"}],"replies":[{"embeddable":true,"href":"https:\/\/2horizontes.com\/index.php?rest_route=%2Fwp%2Fv2%2Fcomments&post=62872"}],"version-history":[{"count":1,"href":"https:\/\/2horizontes.com\/index.php?rest_route=\/wp\/v2\/posts\/62872\/revisions"}],"predecessor-version":[{"id":62874,"href":"https:\/\/2horizontes.com\/index.php?rest_route=\/wp\/v2\/posts\/62872\/revisions\/62874"}],"wp:featuredmedia":[{"embeddable":true,"href":"https:\/\/2horizontes.com\/index.php?rest_route=\/wp\/v2\/media\/62873"}],"wp:attachment":[{"href":"https:\/\/2horizontes.com\/index.php?rest_route=%2Fwp%2Fv2%2Fmedia&parent=62872"}],"wp:term":[{"taxonomy":"category","embeddable":true,"href":"https:\/\/2horizontes.com\/index.php?rest_route=%2Fwp%2Fv2%2Fcategories&post=62872"},{"taxonomy":"post_tag","embeddable":true,"href":"https:\/\/2horizontes.com\/index.php?rest_route=%2Fwp%2Fv2%2Ftags&post=62872"}],"curies":[{"name":"wp","href":"https:\/\/api.w.org\/{rel}","templated":true}]}}