{"id":62845,"date":"2017-02-12T21:38:23","date_gmt":"2017-02-12T20:38:23","guid":{"rendered":"http:\/\/2horizontes.com\/?p=62845"},"modified":"2017-02-12T21:38:23","modified_gmt":"2017-02-12T20:38:23","slug":"adam-levine-ya-tiene-su-estrella-en-el-paseo-de-la-fama","status":"publish","type":"post","link":"https:\/\/2horizontes.com\/?p=62845","title":{"rendered":"Adam Levine ya tiene su estrella en el Paseo de la Fama"},"content":{"rendered":"<p><b>Adam Levine<\/b>, l\u00edder y cantante del grupo <b>Maroon 5<\/b>, ya cuenta con su estrella en el c\u00e9lebre <b>Paseo de la Fama<\/b> de Hollywood en Los \u00c1ngeles. \u00abEsto es una locura. No voy a pretender que esto no es la cosa m\u00e1s &#8216;cool&#8217; y que me est\u00e1 sucediendo\u00bb, ha dicho Levine, quien se present\u00f3 al acto en la famosa avenida Hollywood Boulevard vestido con traje gris oscuro, camisa negra y gafas de sol.<\/p>\n<p>El artista subray\u00f3 que \u00e9l y su banda son originarios de Los \u00c1ngeles y record\u00f3 c\u00f3mo se escapaban de j\u00f3venes a ver conciertos en las salas Troubadour, Roxy y Whisky a Go Go.<\/p>\n","protected":false},"excerpt":{"rendered":"<p>Adam Levine, l\u00edder y cantante del grupo Maroon 5, ya cuenta con su estrella en el c\u00e9lebre Paseo de la Fama de Hollywood en Los \u00c1ngeles. \u00abEsto es una locura. No voy a pretender que esto no es la cosa m\u00e1s &#8216;cool&#8217; y que me est\u00e1 sucediendo\u00bb, ha dicho Levine, quien se present\u00f3 al acto [&hellip;]<\/p>\n","protected":false},"author":3,"featured_media":62846,"comment_status":"open","ping_status":"open","sticky":false,"template":"","format":"standard","meta":{"footnotes":""},"categories":[1],"tags":[],"class_list":["post-62845","post","type-post","status-publish","format-standard","has-post-thumbnail","hentry","category-entretenimiento"],"_links":{"self":[{"href":"https:\/\/2horizontes.com\/index.php?rest_route=\/wp\/v2\/posts\/62845","targetHints":{"allow":["GET"]}}],"collection":[{"href":"https:\/\/2horizontes.com\/index.php?rest_route=\/wp\/v2\/posts"}],"about":[{"href":"https:\/\/2horizontes.com\/index.php?rest_route=\/wp\/v2\/types\/post"}],"author":[{"embeddable":true,"href":"https:\/\/2horizontes.com\/index.php?rest_route=\/wp\/v2\/users\/3"}],"replies":[{"embeddable":true,"href":"https:\/\/2horizontes.com\/index.php?rest_route=%2Fwp%2Fv2%2Fcomments&post=62845"}],"version-history":[{"count":1,"href":"https:\/\/2horizontes.com\/index.php?rest_route=\/wp\/v2\/posts\/62845\/revisions"}],"predecessor-version":[{"id":62847,"href":"https:\/\/2horizontes.com\/index.php?rest_route=\/wp\/v2\/posts\/62845\/revisions\/62847"}],"wp:featuredmedia":[{"embeddable":true,"href":"https:\/\/2horizontes.com\/index.php?rest_route=\/wp\/v2\/media\/62846"}],"wp:attachment":[{"href":"https:\/\/2horizontes.com\/index.php?rest_route=%2Fwp%2Fv2%2Fmedia&parent=62845"}],"wp:term":[{"taxonomy":"category","embeddable":true,"href":"https:\/\/2horizontes.com\/index.php?rest_route=%2Fwp%2Fv2%2Fcategories&post=62845"},{"taxonomy":"post_tag","embeddable":true,"href":"https:\/\/2horizontes.com\/index.php?rest_route=%2Fwp%2Fv2%2Ftags&post=62845"}],"curies":[{"name":"wp","href":"https:\/\/api.w.org\/{rel}","templated":true}]}}