{"id":62842,"date":"2017-02-12T21:36:17","date_gmt":"2017-02-12T20:36:17","guid":{"rendered":"http:\/\/2horizontes.com\/?p=62842"},"modified":"2017-02-12T21:36:17","modified_gmt":"2017-02-12T20:36:17","slug":"polemica-eleccion-del-representante-de-eurovision-2017","status":"publish","type":"post","link":"https:\/\/2horizontes.com\/?p=62842","title":{"rendered":"Pol\u00e9mica elecci\u00f3n del representante de Eurovisi\u00f3n 2017"},"content":{"rendered":"<p><b>EURODRAMA!<\/b> Costar\u00e1 asimilar todo lo que ha pasado esta noche en <b>Objetivo Eurovisi\u00f3n <\/b>en lo que se ha convertido en la elecci\u00f3n de representante espa\u00f1ol para el Festival de la Canci\u00f3n m\u00e1s pol\u00e9mico de la historia. Y es que por primera vez <b>el voto del jurado se ha impuesto a la elecci\u00f3n del p\u00fablico<\/b> debido a un<b> empate de \u00faltima hora entre Manel Navarro y Mirela <\/b>que ha hecho modificar las normas del concurso.<\/p>\n<p><b>Corte de mangas, hooligans en el plat\u00f3, RTVE acusada de tongo<\/b>\u2026 Sin duda, ha sido una gala muy tensa en la que <b>Manel Navarro<\/b>, entre abucheos, se ha convertido en el ganador del<i> eurocasting<\/i> para representar a Espa\u00f1a el pr\u00f3ximo 13 de mayo en Kiev.<\/p>\n","protected":false},"excerpt":{"rendered":"<p>EURODRAMA! Costar\u00e1 asimilar todo lo que ha pasado esta noche en Objetivo Eurovisi\u00f3n en lo que se ha convertido en la elecci\u00f3n de representante espa\u00f1ol para el Festival de la Canci\u00f3n m\u00e1s pol\u00e9mico de la historia. Y es que por primera vez el voto del jurado se ha impuesto a la elecci\u00f3n del p\u00fablico debido [&hellip;]<\/p>\n","protected":false},"author":3,"featured_media":62843,"comment_status":"open","ping_status":"open","sticky":false,"template":"","format":"standard","meta":{"footnotes":""},"categories":[1,85,86],"tags":[],"class_list":["post-62842","post","type-post","status-publish","format-standard","has-post-thumbnail","hentry","category-entretenimiento","category-espana","category-europa"],"_links":{"self":[{"href":"https:\/\/2horizontes.com\/index.php?rest_route=\/wp\/v2\/posts\/62842","targetHints":{"allow":["GET"]}}],"collection":[{"href":"https:\/\/2horizontes.com\/index.php?rest_route=\/wp\/v2\/posts"}],"about":[{"href":"https:\/\/2horizontes.com\/index.php?rest_route=\/wp\/v2\/types\/post"}],"author":[{"embeddable":true,"href":"https:\/\/2horizontes.com\/index.php?rest_route=\/wp\/v2\/users\/3"}],"replies":[{"embeddable":true,"href":"https:\/\/2horizontes.com\/index.php?rest_route=%2Fwp%2Fv2%2Fcomments&post=62842"}],"version-history":[{"count":1,"href":"https:\/\/2horizontes.com\/index.php?rest_route=\/wp\/v2\/posts\/62842\/revisions"}],"predecessor-version":[{"id":62844,"href":"https:\/\/2horizontes.com\/index.php?rest_route=\/wp\/v2\/posts\/62842\/revisions\/62844"}],"wp:featuredmedia":[{"embeddable":true,"href":"https:\/\/2horizontes.com\/index.php?rest_route=\/wp\/v2\/media\/62843"}],"wp:attachment":[{"href":"https:\/\/2horizontes.com\/index.php?rest_route=%2Fwp%2Fv2%2Fmedia&parent=62842"}],"wp:term":[{"taxonomy":"category","embeddable":true,"href":"https:\/\/2horizontes.com\/index.php?rest_route=%2Fwp%2Fv2%2Fcategories&post=62842"},{"taxonomy":"post_tag","embeddable":true,"href":"https:\/\/2horizontes.com\/index.php?rest_route=%2Fwp%2Fv2%2Ftags&post=62842"}],"curies":[{"name":"wp","href":"https:\/\/api.w.org\/{rel}","templated":true}]}}