{"id":62810,"date":"2017-02-10T17:42:11","date_gmt":"2017-02-10T16:42:11","guid":{"rendered":"http:\/\/2horizontes.com\/?p=62810"},"modified":"2017-02-10T17:42:11","modified_gmt":"2017-02-10T16:42:11","slug":"risto-vende-la-exclusiva-de-su-boda","status":"publish","type":"post","link":"https:\/\/2horizontes.com\/?p=62810","title":{"rendered":"Risto vende la exclusiva de su boda"},"content":{"rendered":"<p><b>Risto Mejide<\/b>, como buen publicista, ha decidido vender su <b>boda <\/b>al mejor postor. Y ha sido la revista <b>Hola <\/b>la que ha conseguido llevarse, en <b>exclusiva<\/b>, las im\u00e1genes del enlace matrimonial que lo unir\u00e1 a <b>Laura Escanes <\/b>el pr\u00f3ximo 20 de mayo. As\u00ed al menos ha trascendido hoy en el portal <i>Vanitatis<\/i>, que asegura que el propio Risto ha negociado las condiciones del acuerdo.<\/p>\n<p>Ser\u00e1n los responsables de <i>Hola <\/i>los que tendr\u00e1n acceso a la boda del presentador y dar\u00e1n testimonio de todo lo que ocurra en un d\u00eda tan especial. Aunque<b> no se sabe por qu\u00e9 precio la revista ha conseguido tan preciado reflejo de la uni\u00f3n matrimonial <\/b>de ambos.<\/p>\n","protected":false},"excerpt":{"rendered":"<p>Risto Mejide, como buen publicista, ha decidido vender su boda al mejor postor. Y ha sido la revista Hola la que ha conseguido llevarse, en exclusiva, las im\u00e1genes del enlace matrimonial que lo unir\u00e1 a Laura Escanes el pr\u00f3ximo 20 de mayo. As\u00ed al menos ha trascendido hoy en el portal Vanitatis, que asegura que [&hellip;]<\/p>\n","protected":false},"author":3,"featured_media":62811,"comment_status":"open","ping_status":"open","sticky":false,"template":"","format":"standard","meta":{"footnotes":""},"categories":[1],"tags":[],"class_list":["post-62810","post","type-post","status-publish","format-standard","has-post-thumbnail","hentry","category-entretenimiento"],"_links":{"self":[{"href":"https:\/\/2horizontes.com\/index.php?rest_route=\/wp\/v2\/posts\/62810","targetHints":{"allow":["GET"]}}],"collection":[{"href":"https:\/\/2horizontes.com\/index.php?rest_route=\/wp\/v2\/posts"}],"about":[{"href":"https:\/\/2horizontes.com\/index.php?rest_route=\/wp\/v2\/types\/post"}],"author":[{"embeddable":true,"href":"https:\/\/2horizontes.com\/index.php?rest_route=\/wp\/v2\/users\/3"}],"replies":[{"embeddable":true,"href":"https:\/\/2horizontes.com\/index.php?rest_route=%2Fwp%2Fv2%2Fcomments&post=62810"}],"version-history":[{"count":1,"href":"https:\/\/2horizontes.com\/index.php?rest_route=\/wp\/v2\/posts\/62810\/revisions"}],"predecessor-version":[{"id":62812,"href":"https:\/\/2horizontes.com\/index.php?rest_route=\/wp\/v2\/posts\/62810\/revisions\/62812"}],"wp:featuredmedia":[{"embeddable":true,"href":"https:\/\/2horizontes.com\/index.php?rest_route=\/wp\/v2\/media\/62811"}],"wp:attachment":[{"href":"https:\/\/2horizontes.com\/index.php?rest_route=%2Fwp%2Fv2%2Fmedia&parent=62810"}],"wp:term":[{"taxonomy":"category","embeddable":true,"href":"https:\/\/2horizontes.com\/index.php?rest_route=%2Fwp%2Fv2%2Fcategories&post=62810"},{"taxonomy":"post_tag","embeddable":true,"href":"https:\/\/2horizontes.com\/index.php?rest_route=%2Fwp%2Fv2%2Ftags&post=62810"}],"curies":[{"name":"wp","href":"https:\/\/api.w.org\/{rel}","templated":true}]}}