{"id":62744,"date":"2017-02-09T13:09:23","date_gmt":"2017-02-09T12:09:23","guid":{"rendered":"http:\/\/2horizontes.com\/?p=62744"},"modified":"2017-02-09T13:09:23","modified_gmt":"2017-02-09T12:09:23","slug":"heridos-los-hijos-de-el-chapo-en-una-emboscada-en-plena-guerra-interna-del-cartel-de-sinaloa","status":"publish","type":"post","link":"https:\/\/2horizontes.com\/?p=62744","title":{"rendered":"Heridos los hijos de \u2018El Chapo\u2019 en una emboscada en plena guerra interna del c\u00e1rtel de Sinaloa"},"content":{"rendered":"<p>Los <b>hijos <\/b>del narcotraficante mexicano Joaqu\u00edn \u201cel <b>Chapo<\/b>\u201d Guzm\u00e1n afirmaron haber resultado <b>heridos <\/b>el s\u00e1bado pasado en un ataque ordenado por D\u00e1maso L\u00f3pez, uno de los principales operadores del c\u00e1rtel de <b>Sinaloa<\/b>, en una aparente lucha interna en esa agrupaci\u00f3n criminal.<\/p>\n<p>En una misiva enviada hoy a diversos medios de comunicaci\u00f3n, escrita a mano y que a\u00fan no ha sido autentificada por la defensa del capo, los hijos de Guzm\u00e1n dicen que durante el ataque iban acompa\u00f1ados por Ismael \u201cel Mayo\u201d Zambada, socio y presunto sucesor del Chapo al frente del c\u00e1rtel despu\u00e9s de la extradici\u00f3n de \u00e9ste a Estados Unidos el pasado 19 de enero.<\/p>\n","protected":false},"excerpt":{"rendered":"<p>Los hijos del narcotraficante mexicano Joaqu\u00edn \u201cel Chapo\u201d Guzm\u00e1n afirmaron haber resultado heridos el s\u00e1bado pasado en un ataque ordenado por D\u00e1maso L\u00f3pez, uno de los principales operadores del c\u00e1rtel de Sinaloa, en una aparente lucha interna en esa agrupaci\u00f3n criminal. En una misiva enviada hoy a diversos medios de comunicaci\u00f3n, escrita a mano y [&hellip;]<\/p>\n","protected":false},"author":3,"featured_media":62745,"comment_status":"open","ping_status":"open","sticky":false,"template":"","format":"standard","meta":{"footnotes":""},"categories":[40],"tags":[],"class_list":["post-62744","post","type-post","status-publish","format-standard","has-post-thumbnail","hentry","category-internacionales"],"_links":{"self":[{"href":"https:\/\/2horizontes.com\/index.php?rest_route=\/wp\/v2\/posts\/62744","targetHints":{"allow":["GET"]}}],"collection":[{"href":"https:\/\/2horizontes.com\/index.php?rest_route=\/wp\/v2\/posts"}],"about":[{"href":"https:\/\/2horizontes.com\/index.php?rest_route=\/wp\/v2\/types\/post"}],"author":[{"embeddable":true,"href":"https:\/\/2horizontes.com\/index.php?rest_route=\/wp\/v2\/users\/3"}],"replies":[{"embeddable":true,"href":"https:\/\/2horizontes.com\/index.php?rest_route=%2Fwp%2Fv2%2Fcomments&post=62744"}],"version-history":[{"count":1,"href":"https:\/\/2horizontes.com\/index.php?rest_route=\/wp\/v2\/posts\/62744\/revisions"}],"predecessor-version":[{"id":62746,"href":"https:\/\/2horizontes.com\/index.php?rest_route=\/wp\/v2\/posts\/62744\/revisions\/62746"}],"wp:featuredmedia":[{"embeddable":true,"href":"https:\/\/2horizontes.com\/index.php?rest_route=\/wp\/v2\/media\/62745"}],"wp:attachment":[{"href":"https:\/\/2horizontes.com\/index.php?rest_route=%2Fwp%2Fv2%2Fmedia&parent=62744"}],"wp:term":[{"taxonomy":"category","embeddable":true,"href":"https:\/\/2horizontes.com\/index.php?rest_route=%2Fwp%2Fv2%2Fcategories&post=62744"},{"taxonomy":"post_tag","embeddable":true,"href":"https:\/\/2horizontes.com\/index.php?rest_route=%2Fwp%2Fv2%2Ftags&post=62744"}],"curies":[{"name":"wp","href":"https:\/\/api.w.org\/{rel}","templated":true}]}}