{"id":62719,"date":"2017-02-08T21:56:01","date_gmt":"2017-02-08T20:56:01","guid":{"rendered":"http:\/\/2horizontes.com\/?p=62719"},"modified":"2017-02-08T21:56:01","modified_gmt":"2017-02-08T20:56:01","slug":"investigan-la-muerte-de-un-nino-al-que-su-padrastro-obligo-a-correr-en-ropa-interior-por-orinarse-en-la-cama","status":"publish","type":"post","link":"https:\/\/2horizontes.com\/?p=62719","title":{"rendered":"Investigan la muerte de un ni\u00f1o al que su padrastro oblig\u00f3 a correr en ropa interior por orinarse en la cama"},"content":{"rendered":"<p>Los ciudadanos franceses se encuentran conmocionados por el <b>hallazgo <\/b>del <b>cad\u00e1ver <\/b>de un <b>ni\u00f1o <\/b>de <b>cinco <\/b><b>a\u00f1os <\/b>en un <b>canal <\/b>cercano a la poblaci\u00f3n de Aire-sur-la-Lys, situada en el departamento del Paso de Calais. Pero lo que ha indignado m\u00e1s a los franceses es lo que parece haber detr\u00e1s de este fat\u00eddico suceso. Y es que las primeras investigaciones apuntan a que todo empez\u00f3 porque el peque\u00f1o Yanis fue sometido a un duro castigo por orinarse en la cama.<\/p>\n<p>Al parecer, su padrastro, de 30 a\u00f1os, habr\u00eda obligado al peque\u00f1o a correr durante la noche del pasado domingo por la calle vestido solo con calzoncillos y calcetines, seg\u00fan publica <a href=\"http:\/\/www.leparisien.fr\/faits-divers\/pas-de-calais-le-beau-pere-et-la-mere-du-petit-yanis-mis-en-examen-07-02-2017-6663717.php\" target=\"_blank\" rel=\"nofollow\"><i>Le Parisien<\/i> <\/a>en su edici\u00f3n digital.<\/p>\n<p>El ni\u00f1o podr\u00eda haber sufrido una parada cardiorrespiratoria, aunque el mismo medio apunta que el menor presentaba una lesi\u00f3n en la cabeza. \u201dHubo varios impactos en la cabeza algunos de los cuales son incompatibles con una ca\u00edda\u201d, esgrime una fuente judicial.<\/p>\n<p>La polic\u00eda trata de determinar ahora cu\u00e1les fueron las causas exactas del fallecimiento. La madre de Yanis, de 23 a\u00f1os, y su padrastro est\u00e1n siendo investigados. Ella podr\u00eda enfrentarse a cinco a\u00f1os de prisi\u00f3n y una multa de 75.000 euros por no haber hecho nada para evitar el crimen.<\/p>\n","protected":false},"excerpt":{"rendered":"<p>Los ciudadanos franceses se encuentran conmocionados por el hallazgo del cad\u00e1ver de un ni\u00f1o de cinco a\u00f1os en un canal cercano a la poblaci\u00f3n de Aire-sur-la-Lys, situada en el departamento del Paso de Calais. Pero lo que ha indignado m\u00e1s a los franceses es lo que parece haber detr\u00e1s de este fat\u00eddico suceso. Y es [&hellip;]<\/p>\n","protected":false},"author":3,"featured_media":62720,"comment_status":"open","ping_status":"open","sticky":false,"template":"","format":"standard","meta":{"footnotes":""},"categories":[40],"tags":[],"class_list":["post-62719","post","type-post","status-publish","format-standard","has-post-thumbnail","hentry","category-internacionales"],"_links":{"self":[{"href":"https:\/\/2horizontes.com\/index.php?rest_route=\/wp\/v2\/posts\/62719","targetHints":{"allow":["GET"]}}],"collection":[{"href":"https:\/\/2horizontes.com\/index.php?rest_route=\/wp\/v2\/posts"}],"about":[{"href":"https:\/\/2horizontes.com\/index.php?rest_route=\/wp\/v2\/types\/post"}],"author":[{"embeddable":true,"href":"https:\/\/2horizontes.com\/index.php?rest_route=\/wp\/v2\/users\/3"}],"replies":[{"embeddable":true,"href":"https:\/\/2horizontes.com\/index.php?rest_route=%2Fwp%2Fv2%2Fcomments&post=62719"}],"version-history":[{"count":1,"href":"https:\/\/2horizontes.com\/index.php?rest_route=\/wp\/v2\/posts\/62719\/revisions"}],"predecessor-version":[{"id":62721,"href":"https:\/\/2horizontes.com\/index.php?rest_route=\/wp\/v2\/posts\/62719\/revisions\/62721"}],"wp:featuredmedia":[{"embeddable":true,"href":"https:\/\/2horizontes.com\/index.php?rest_route=\/wp\/v2\/media\/62720"}],"wp:attachment":[{"href":"https:\/\/2horizontes.com\/index.php?rest_route=%2Fwp%2Fv2%2Fmedia&parent=62719"}],"wp:term":[{"taxonomy":"category","embeddable":true,"href":"https:\/\/2horizontes.com\/index.php?rest_route=%2Fwp%2Fv2%2Fcategories&post=62719"},{"taxonomy":"post_tag","embeddable":true,"href":"https:\/\/2horizontes.com\/index.php?rest_route=%2Fwp%2Fv2%2Ftags&post=62719"}],"curies":[{"name":"wp","href":"https:\/\/api.w.org\/{rel}","templated":true}]}}