{"id":62711,"date":"2017-02-08T15:09:16","date_gmt":"2017-02-08T14:09:16","guid":{"rendered":"http:\/\/2horizontes.com\/?p=62711"},"modified":"2017-02-08T15:09:16","modified_gmt":"2017-02-08T14:09:16","slug":"es-preocupante-ver-personas-que-creen-legitimo-decir-prefiero-un-hijo-muerto-que-marica-brigitte-baptiste-exitosa-transgenero-colombiana","status":"publish","type":"post","link":"https:\/\/2horizontes.com\/?p=62711","title":{"rendered":"\u00abEs preocupante ver personas que creen leg\u00edtimo decir &#8216;prefiero un hijo muerto que marica'\u00bb: Brigitte Baptiste, exitosa transg\u00e9nero colombiana"},"content":{"rendered":"<p class=\"story-body__introduction\">Conserva los anteojos puestos durante toda la entrevista porque no ve bien, pero se los quita al final, para la foto.<\/p>\n<p>Brigitte Luis Guillermo Baptiste es la directora del Instituto de Investigaci\u00f3n de Recursos Biol\u00f3gicos Alexander von Humboldt de Colombia, una corporaci\u00f3n sin \u00e1nimo de lucro, vinculada al Ministerio de Ambiente y dedicada la investigaci\u00f3n cient\u00edfica en biodiversidad.<\/p>\n<p>El nombre femenino lo adopt\u00f3 de su admirada Brigitte Bardot, pero conserv\u00f3 los masculinos que le pusieron sus padres. De todos modos, a\u00fan para referirse a su pasado, antes de revelar su identidad trans, utiliza el g\u00e9nero femenino.<\/p>\n<p>La combinaci\u00f3n de lo femenino y lo masculino de su nombre est\u00e1 presente tambi\u00e9n en el contraste entre su aspecto de mujer y su voz de hombre, que nunca modific\u00f3 y que ha dicho que la ayuda a veces a imponerse en una sociedad que todav\u00eda es muy machista, aunque en los \u00faltimos a\u00f1os ha tenido representantes LGTB en altos cargos, como ella, como Gina Parody, ex ministra de Educaci\u00f3n, o Claudia L\u00f3pez, destacada senadora y ahora candidata a la presidencia.<\/p>\n<p>Brigitte tiene 53 a\u00f1os, y en 1998 revel\u00f3 su identidad sexual al mundo. Hoy est\u00e1 casada con Adriana V\u00e1squez, con quien tiene dos hijas: Candelaria y Juana Pasi\u00f3n.<\/p>\n<p><strong>\u00bfPor qu\u00e9 conservaste el nombre de hombre?<\/strong><\/p>\n<p>Sobre todo por cari\u00f1o con mis pap\u00e1s. Mi relaci\u00f3n con ellos ha sido maravillosa siempre. Ellos asumieron mi transici\u00f3n con mucho afecto y mucha solidaridad. Ellos me regalaron ese nombre cuando yo nac\u00ed. Me siguen llamando Luisgui, mi nombre de peque\u00f1ita. Sigo siendo la misma persona, hay una continuidad indisoluble. Y los nombres son eso: nombres.<\/p>\n<p><strong>\u00bfTe da igual que te llamen de cualquier manera?<\/strong><\/p>\n<p>Realmente me siento mucho m\u00e1s Brigitte. Y casi todo el mundo me llama Brigitte. Es mi identidad formal y legal, adem\u00e1s.<\/p>\n<p><strong>Hablemos de tu identidad de g\u00e9nero y la posibilidad de llegar a donde llegaste profesionalmente especialmente en Colombia, donde parece que hubiera a veces m\u00e1s conservadurismo y m\u00e1s resistencia que en otros lados. \u00bfLo sentiste as\u00ed? \u00bfPor qu\u00e9? \u00bfCrees que es igual para todo el mundo o tu caso es excepcional?<\/strong><\/p>\n<p>Yo me considero una excepci\u00f3n afortunada, que viene con un precio tambi\u00e9n: cuando yo sal\u00ed del closet, o me revel\u00e9 al mundo con mi identidad como Brigitte, ya ten\u00eda consolidada una carrera profesional, ya ten\u00eda ganados muchos espacios y ten\u00eda una red de amigos y colaboradores muy entra\u00f1able, que siempre fue la que me protegi\u00f3 y me ayud\u00f3 a seguir haciendo lo que ya ven\u00eda haciendo en el \u00e1mbito de la gesti\u00f3n de biodiversidad.<\/p>\n<figure class=\"media-landscape has-caption full-width\"><span class=\"image-and-copyright-container\"><img loading=\"lazy\" decoding=\"async\" class=\"responsive-image__img js-image-replace\" src=\"http:\/\/ichef-1.bbci.co.uk\/news\/624\/cpsprodpb\/DE39\/production\/_93898865_gettyimages-544421310.jpg\" alt=\"Marcha del orgullo gay en Bogot\u00e1, en 2016.\" width=\"976\" height=\"549\" data-highest-encountered-width=\"624\" \/>En un principio Baptiste no fue muy activista de los derechos LGBTI.<\/span><\/figure>\n<p>Eso no le sucede a la gran mayor\u00eda de personas de la comunidad, sobre todo trans, que por el hecho de ser transg\u00e9nero tenemos que transitar p\u00fablicamente (el proceso); es una afirmaci\u00f3n de nuestra identidad y es visible. En muchos miembros de la comunidad LGB (lesbianas, gays, bisexuales), pues no tienen por qu\u00e9 hacerlo, en la medida en que est\u00e1 dentro de su decisi\u00f3n decirlo o no. Pero realmente ah\u00ed hay una diferencia sustancial.<\/p>\n<p>En Colombia es muy dif\u00edcil. Yo he tratado de apoyar personas trans en el Instituto Humboldt y a veces funciona, a veces no, como con cualquier persona.<\/p>\n<ul class=\"story-body__unordered-list\">\n<li class=\"story-body__list-item\">La dura realidad de los ni\u00f1os y j\u00f3venes transexuales en Am\u00e9rica Latina<\/li>\n<\/ul>\n<p>Si son personas j\u00f3venes han sido discriminadas fuertemente, han tenido dificultades en su capacitaci\u00f3n. Entonces es un proceso que yo s\u00e9 que a decenas, sino a centenares de personas, les cuesta much\u00edsimo.<\/p>\n<p><strong>\u00bfPor qu\u00e9 ser\u00e1 que en Colombia, un pa\u00eds tan conservador, hayan llegado a puestos claves mujeres trans como vos, o mujeres homosexuales como la exministra de Salud Gina Parody o la senadora Claudia L\u00f3pez<\/strong><strong>, ahora candidata a la presidencia<\/strong><strong>?<\/strong><\/p>\n<p>El pa\u00eds no puede darse el lujo de sacrificar la capacidad de personas formadas y seguramente muy innovadoras, dado su posicionamiento en medio de la adversidad. Algunos programas pol\u00edticos, resalto el del exalcalde (de Bogot\u00e1, Gustavo Petro), abrieron espacio e hicieron inversiones, eso fue importante. Las acciones de las Cortes tambi\u00e9n (la Corte Constitucional colombiana ha proferido sentencias favorables a temas de equidad de g\u00e9nero y no discriminaci\u00f3n por identidad sexual).<\/p>\n<p><strong>A partir de 1991 hay un movimiento m\u00e1s de apertura y progresismo en Colombia, con la nueva Constituci\u00f3n que llega ese a\u00f1o. \u00bfTe ayud\u00f3 esa ola de progresismo en tu decisi\u00f3n personal de revelar tu identidad?<\/strong><\/p>\n<p>Yo creo que indirectamente s\u00ed, porque la Constituci\u00f3n del 91, al establecer tantos espacios y tantas libertades, genera una atm\u00f3sfera de m\u00e1s discusi\u00f3n, de m\u00e1s tolerancia. Pero yo nunca fui muy activista.<\/p>\n<p><strong>\u00bfY por qu\u00e9 no?<\/strong><\/p>\n<p>Porque me daba miedo la exposici\u00f3n; en ese momento estaba casada con una mujer (su anterior esposa) que no sab\u00eda de Brigitte, mi familia ni se lo imaginaba.<\/p>\n<figure class=\"media-landscape has-caption full-width\"><span class=\"image-and-copyright-container\"><img loading=\"lazy\" decoding=\"async\" class=\"responsive-image__img js-image-replace\" src=\"http:\/\/ichef-1.bbci.co.uk\/news\/624\/cpsprodpb\/1106D\/production\/_93914796_gettyimages-591593716.jpg\" alt=\"Gina Parody, foto de archivo\" width=\"976\" height=\"549\" data-highest-encountered-width=\"624\" \/><span class=\"off-screen\">Derechos de autor de la imagen<\/span><span class=\"story-image-copyright\">GUILLERMO LEGARIA\/ AFP<\/span><\/span><figcaption class=\"media-caption\"><span class=\"off-screen\">Image caption<\/span><span class=\"media-caption__text\">Gina Parody es gay y fue ministra de Educaci\u00f3n hasta octubre de 2016, cuando renunci\u00f3 en el marco de una pol\u00e9mica respecto al supuesto contenido de unas cartillas de educaci\u00f3n sexual, pol\u00e9mica que termin\u00f3 asociada a las campa\u00f1as para el plebiscito por el acuerdo de paz.<\/span><\/figcaption><\/figure>\n<p>Solo lo sab\u00edan unas pocas amigas en las que confi\u00e9 y que siempre fueron mi soporte y hicieron posible que yo existiese. En este momento ya participo (en manifestaciones p\u00fablicas).<\/p>\n<p><strong>\u00bfHay un cambio en Colombia hoy, un alejamiento de esos principios progresistas del 91? Si es as\u00ed, \u00bfcu\u00e1nto te preocupa?<\/strong><\/p>\n<p>Indudablemente. Hay ahora como una toma de conciencia al contrario, que he escuchado expresar a muchas personas sottovoce, pero que uno sabe que est\u00e1 alimentando un movimiento de resistencia, en el cual pareciera que el mantra es \u00abhemos ido demasiado lejos, les hemos dado demasiados derechos a los raros, a los distintos y eso est\u00e1 destruyendo la sociedad\u00bb.<\/p>\n<p>La derecha extrema lo plantea como una amenaza a la familia tradicional, pero esa resistencia estaba siempre en el Opus Dei, en movimientos muy cl\u00e1sicos de defensa de la familia, no s\u00e9 de qu\u00e9 familia porque nunca he entendido de d\u00f3nde sacan ellos la idea de que la familia es pap\u00e1, mam\u00e1, dos ni\u00f1os y perro. Pero bueno, eso es tambi\u00e9n una construcci\u00f3n cultural.<\/p>\n<figure class=\"media-landscape has-caption full-width\"><span class=\"image-and-copyright-container\"><img loading=\"lazy\" decoding=\"async\" class=\"responsive-image__img js-image-replace\" src=\"http:\/\/ichef-1.bbci.co.uk\/news\/624\/cpsprodpb\/12C59\/production\/_93898867_gettyimages-612073676.jpg\" alt=\"Papeletas del plebiscito.\" width=\"976\" height=\"549\" data-highest-encountered-width=\"624\" \/><span class=\"off-screen\">Derechos de autor de la imagen<\/span><span class=\"story-image-copyright\">MARIO TAMA\/ GETTY<\/span><\/span><figcaption class=\"media-caption\"><span class=\"off-screen\">Image caption<\/span><span class=\"media-caption__text\">En el discurso asociado al triunfo del No en el plebiscito de octubre de 2016, Baptiste ve elementos de rechazo a, por ejemplo, los derechos de personas no heterosexuales.<\/span><\/figcaption><\/figure>\n<p>Y ese temor al exceso de derechos es al que achacan la complejidad de las relaciones sociales y las dificultades para tomar decisiones en contextos de mucha gente. Y por supuesto eso afecta a la democracia. Dicen: \u00abHay demasiada democracia\u00bb.<\/p>\n<p>Obviamente Donald Trump lo que va a hacer es legitimar una oleada de retrocesos no solo al respeto de las personas LGBTI, sino al respeto por la identidad \u00e9tnica, por cualquier construcci\u00f3n identitaria distinta a la que \u00e9l encarna y a su objetivo de asimilar el car\u00e1cter y la capacidad de gobierno con el modelo de mercado bruto.<\/p>\n<p><strong>\u00bfEn t\u00e9rminos personales te preocupa?<\/strong><\/p>\n<p>Mucho, s\u00ed. Por ejemplo las manifestaciones p\u00fablicas que hubo a ra\u00edz del plebiscito (de 2016, sobre el acuerdo de paz con la guerrilla de las FARC), que hicieron que muchas personas votaran no, y estaban fundamentadas en la resistencia a la familia homosexual, a la adopci\u00f3n por parejas del mismo sexo o en general a toda variaci\u00f3n de la norma que ellos se han inventado.<\/p>\n<ul class=\"story-body__unordered-list\">\n<li class=\"story-body__list-item\">Las razones por las que el \u00abNo\u00bb se impuso en el plebiscito en Colombia<\/li>\n<li class=\"story-body__list-item\">El rol de las iglesias cristianas evang\u00e9licas en la victoria del \u00abNo\u00bb en el plebiscito de Colombia<\/li>\n<\/ul>\n<p>Es preocupante ver personas en la calle que creen que es leg\u00edtimo decir \u00abprefiero un hijo muerto que marica\u00bb, que fue lo que vimos. Cuando uno ve eso y entiende que hay una persona que ya cree que puede hacerlo p\u00fablicamente en la calle y que no solo no le da pena (verg\u00fcenza), sino que no cree que sea un delito, comienza un empoderamiento en contra que estoy segura que va a ir creciendo.<\/p>\n<p><strong>\u00bfQu\u00e9 puede hacer la sociedad o personas como t<\/strong><strong>\u00fa<\/strong><strong> para tratar de contener eso?<\/strong><\/p>\n<p>Demostrar que somos miembros responsables de la sociedad, ante todo, trabajar desde nuestras particulares posiciones y compromisos en construir democracia, en respetar el estado de derecho, en enriquecer el estado de derecho.<\/p>\n<p>Y hablar, construir un di\u00e1logo con las vertientes m\u00e1s abiertas. Yo tengo muy buenas relaciones con la mayor\u00eda de instituciones religiosas de Colombia (estudi\u00f3 en la Universidad Javeriana, de la orden Jesuita), con la mayor\u00eda de los partidos y much\u00edsima gente que piensa distinto a m\u00ed, porque es lo que predico.<\/p>\n<p>Entonces, creo que es el ejercicio de la democracia y el di\u00e1logo el que nos tiene que mantener construyendo colectivamente.<\/p>\n<p><strong>Le\u00ed que te gustar\u00eda ser un <\/strong><strong><i>cyborg <\/i><\/strong><strong>(organismo cibern\u00e9tico, en este caso un ser humano con capacidades aumentadas por la tecnolog\u00eda)\u2026<\/strong><\/p>\n<p>S\u00ed, y creo que la humanidad va hacia all\u00e1. Creo que es como una exploraci\u00f3n inherente a la condici\u00f3n humana.<\/p>\n<p>Mis ojos se est\u00e1n apagando cada vez m\u00e1s, de manera que cualquier clase de pr\u00f3tesis que mejore mi capacidad visual, adem\u00e1s de mis gafas o mis lentes de contacto, le dar\u00eda la bienvenida. O muchos dispositivos que mejorar\u00edan el desempe\u00f1o de muchos \u00f3rganos.<\/p>\n<ul class=\"story-body__unordered-list\">\n<li class=\"story-body__list-item\">Vivir en la era bi\u00f3nica: \u00abNadie se r\u00ede ya de m\u00ed, nadie se r\u00ede de un cyborg\u00bb<\/li>\n<\/ul>\n<p>Pero esos ser\u00edan los cl\u00e1sicos, los obvios. El conjunto de dispositivos que incrementan conexi\u00f3n con los equipos digitales, con los computadores, con los celulares&#8230; tan pronto exista esa posibilidad me conecto.<\/p>\n<p>Mi tel\u00e9fono es definitivamente parte de mi cuerpo en este momento. Todos morimos sin tel\u00e9fono, y estamos hablando de un dispositivo externo con el que a\u00fan no hay una interface muy sensible.<\/p>\n<p>Estoy muy atenta a las investigaciones en neurolog\u00eda, en membranas y en comunicaciones qu\u00edmicas para tratar, sobre todo, en mi \u00e1mbito cotidiano de construir expresiones comunicativas distintas: de arte, aplicadas al trabajo nuestro de educaci\u00f3n ambiental o de liberaci\u00f3n de datos hacia la sociedad.<\/p>\n<p><strong>Llama la atenci\u00f3n que alguien que trabaja en algo vinculado a la conservaci\u00f3n, haya hecho sobre su propia persona -y le interese seguir haciendo- modificaciones\u2026<\/strong><\/p>\n<p>Pues de hecho yo no lucho mucho porque la naturaleza se quede como est\u00e1.<\/p>\n<p><strong>\u00bfCu\u00e1l es el equilibrio que hay que construir, si es que es posible construir alguno, entre preservar las cosas est\u00e1ticamente e intervenir en ellas para modificarlas?<\/strong><\/p>\n<p>No lo hay. Es un l\u00edmite muy complicado de establecer, porque todo cambia a distintos ritmos. Sobre todo, la vida es din\u00e1mica.<\/p>\n<p>Entonces, lo que yo promuevo es la comprensi\u00f3n de los ritmos de cambio y los modos de cambio. Incluso en el Instituto (Humboldt) estamos todo el tiempo insistiendo en la necesidad de monitorear el cambio, de entender esas se\u00f1ales que da la vida hoy.<\/p>\n<figure class=\"media-landscape has-caption full-width\"><span class=\"image-and-copyright-container\"><img loading=\"lazy\" decoding=\"async\" class=\"responsive-image__img js-image-replace\" src=\"http:\/\/ichef.bbci.co.uk\/news\/624\/cpsprodpb\/9019\/production\/_93898863_gettyimages-463369290.jpg\" alt=\"Una explotaci\u00f3n minera sobre el r\u00edo Cauca.\" width=\"976\" height=\"549\" data-highest-encountered-width=\"624\" \/>Aunque Baptiste tiene un enfoque amplio en t\u00e9rminos de conservaci\u00f3n reconoce que en ciertos casos en que los ecosistemas han sido profundamente golpeados, como es el caso del r\u00edo Cauca.<\/span><\/figure>\n<p><strong>Pero en la Colombia de hoy, \u00bfhay alguna cosa que te parezca que es preocupante de ciertos avances sobre los ecosistemas?<\/strong><\/p>\n<p>S\u00ed, yo creo que se han pasado umbrales de la capacidad de recuperaci\u00f3n, de la resiliencia.<\/p>\n<p>Muchos ecosistemas est\u00e1n completamente destruidos, est\u00e1n excesivamente contaminados: el r\u00edo Magdalena, el Cauca, el San Jorge tienen tal cantidad de mercurio en sus aguas que es imposible que la vida persista en esos r\u00edos.<\/p>\n<p>Ah\u00ed claramente hay un umbral sobrepasado.<\/p>\n<p><strong>\u00bfTe toca pelear con ambientalistas?<\/strong><\/p>\n<p>S\u00ed, tengo una discusi\u00f3n activa con grupos y con colegas que son m\u00e1s radicales.<\/p>\n<p><strong>\u00bfY cu\u00e1l es tu gran argumento cuando discutes con ellos?<\/strong><\/p>\n<p>En general, que casi todo el trabajo del ambientalismo depende de la tecnolog\u00eda, las comunicaciones dependen de nuestras capacidades de usar bien los recursos.<\/p>\n<p>Salvo los movimientos m\u00e1s locales y m\u00e1s m\u00edsticos, como las ecoaldeas o ciertos grupos que en Colombia como en todos los pa\u00edses hay, que son muy consecuentes en t\u00e9rminos de vivir de acuerdo con las capacidades de su entorno sin causar ning\u00fan da\u00f1o, en general creo que el ambientalismo urbano es muy inconsecuente.<\/p>\n<figure class=\"media-landscape has-caption full-width\"><span class=\"image-and-copyright-container\"><img loading=\"lazy\" decoding=\"async\" class=\"responsive-image__img js-image-replace\" src=\"http:\/\/ichef.bbci.co.uk\/news\/624\/cpsprodpb\/41F9\/production\/_93898861_gettyimages-154979024.jpg\" alt=\"Una bi\u00f3loga del Instituto Humboldt manipula un contenedor de muestras de ADN de plantas y animales de Colombia.\" width=\"976\" height=\"549\" data-highest-encountered-width=\"624\" \/><span class=\"off-screen\">Derechos de autor de la imagen<\/span><span class=\"story-image-copyright\">LUIS ROBAYO\/ AFP<\/span><\/span><figcaption class=\"media-caption\"><span class=\"off-screen\">Image caption<\/span><span class=\"media-caption__text\">El Instituto Humboldt, que dirige Baptiste se dedica a la investigaci\u00f3n cient\u00edfica en biodiversidad.<\/span><\/figcaption><\/figure>\n<p>Est\u00e1 bastante desorientado, tiene buenas intenciones, pero no hace conciencia de la complejidad de este mundo de 7-8.000 millones de habitantes, que vive en ciudades de 12-14 millones.<\/p>\n<p>Uno no oye de parte de ese ambientalismo propuestas de una sociedad alternativa, sino m\u00e1s bien todas son regresivas, son propuestas hasta cierto punto ingenuas.<\/p>\n<p>Y por supuesto concentran su activismo en cuestionar el poder que hay detr\u00e1s de las decisiones que s\u00ed creo que es una labor fundamental, porque necesitamos que la sociedad tome decisiones libres e informadas respecto a eso y no construidas por las corporaciones, por gobiernos corruptos o por el oportunismo y el pensamiento de corto plazo.<\/p>\n<p><strong>Quiero volver, para cerrar, a algo personal: en alguna entrevista dijiste que a los 45 a\u00f1os celebraste tres veces tu fiesta de 15, \u00bfa los 60 qu\u00e9 vas a hacer?<\/strong><\/p>\n<p>Cuatro (r\u00ede).<\/p>\n<p>Vamos a ver en qu\u00e9 estado estoy.<\/p>\n<p>Lo que sucede es que con el tiempo uno tambi\u00e9n se da cuenta de que se apacigua y que muchas cosas ya, aunque sean divertidas y simb\u00f3licamente importantes, pasan a un segundo plano.<\/p>\n<p><strong>\u00bfEntonces vestid<\/strong><strong>o<\/strong><strong> blanco de quincea\u00f1era no?<\/strong><\/p>\n<p>No, ya fue, ya lo hice tres veces.<\/p>\n<p>Para los 60, los cuatro quinces ser\u00e1n m\u00e1s exponenciales que otra cosa (r\u00ede otra vez).<\/p>\n","protected":false},"excerpt":{"rendered":"<p>Conserva los anteojos puestos durante toda la entrevista porque no ve bien, pero se los quita al final, para la foto. Brigitte Luis Guillermo Baptiste es la directora del Instituto de Investigaci\u00f3n de Recursos Biol\u00f3gicos Alexander von Humboldt de Colombia, una corporaci\u00f3n sin \u00e1nimo de lucro, vinculada al Ministerio de Ambiente y dedicada la investigaci\u00f3n [&hellip;]<\/p>\n","protected":false},"author":4,"featured_media":62712,"comment_status":"open","ping_status":"open","sticky":false,"template":"","format":"standard","meta":{"footnotes":""},"categories":[50,57],"tags":[],"class_list":["post-62711","post","type-post","status-publish","format-standard","has-post-thumbnail","hentry","category-colombia","category-mundo-gay"],"_links":{"self":[{"href":"https:\/\/2horizontes.com\/index.php?rest_route=\/wp\/v2\/posts\/62711","targetHints":{"allow":["GET"]}}],"collection":[{"href":"https:\/\/2horizontes.com\/index.php?rest_route=\/wp\/v2\/posts"}],"about":[{"href":"https:\/\/2horizontes.com\/index.php?rest_route=\/wp\/v2\/types\/post"}],"author":[{"embeddable":true,"href":"https:\/\/2horizontes.com\/index.php?rest_route=\/wp\/v2\/users\/4"}],"replies":[{"embeddable":true,"href":"https:\/\/2horizontes.com\/index.php?rest_route=%2Fwp%2Fv2%2Fcomments&post=62711"}],"version-history":[{"count":1,"href":"https:\/\/2horizontes.com\/index.php?rest_route=\/wp\/v2\/posts\/62711\/revisions"}],"predecessor-version":[{"id":62713,"href":"https:\/\/2horizontes.com\/index.php?rest_route=\/wp\/v2\/posts\/62711\/revisions\/62713"}],"wp:featuredmedia":[{"embeddable":true,"href":"https:\/\/2horizontes.com\/index.php?rest_route=\/wp\/v2\/media\/62712"}],"wp:attachment":[{"href":"https:\/\/2horizontes.com\/index.php?rest_route=%2Fwp%2Fv2%2Fmedia&parent=62711"}],"wp:term":[{"taxonomy":"category","embeddable":true,"href":"https:\/\/2horizontes.com\/index.php?rest_route=%2Fwp%2Fv2%2Fcategories&post=62711"},{"taxonomy":"post_tag","embeddable":true,"href":"https:\/\/2horizontes.com\/index.php?rest_route=%2Fwp%2Fv2%2Ftags&post=62711"}],"curies":[{"name":"wp","href":"https:\/\/api.w.org\/{rel}","templated":true}]}}