{"id":62696,"date":"2017-02-08T14:10:47","date_gmt":"2017-02-08T13:10:47","guid":{"rendered":"http:\/\/2horizontes.com\/?p=62696"},"modified":"2017-02-08T14:10:47","modified_gmt":"2017-02-08T13:10:47","slug":"el-gobierno-de-colombia-inicia-las-negociaciones-de-paz-con-los-guerrilleros-del-eln","status":"publish","type":"post","link":"https:\/\/2horizontes.com\/?p=62696","title":{"rendered":"El gobierno de Colombia inicia las negociaciones de paz con los guerrilleros del ELN"},"content":{"rendered":"<p class=\"story-body__introduction\">El gobierno de Colombia arranc\u00f3 el di\u00e1logo con el otro brazo guerrillero del pa\u00eds.<\/p>\n<p>Luego de firmar la paz en 2016 con las Fuerzas Armadas Revolucionarias de Colombia (FARC), este martes los negociadores del gobierno se sentaron por primera vez a dialogar con l\u00edderes del<strong> Ej\u00e9rcito de Liberaci\u00f3n Nacional (ELN).<\/strong><\/p>\n<p><strong>Quito<\/strong>, la capital de Ecuador, es la sede de la nueva mesa de negociaci\u00f3n que busca terminar con cinco d\u00e9cadas de conflicto armado.<\/p>\n<ul class=\"story-body__unordered-list\">\n<li class=\"story-body__list-item\">La liberaci\u00f3n de Od\u00edn S\u00e1nchez destraba la negociaci\u00f3n de paz con el ELN en Colombia<\/li>\n<\/ul>\n<p>El presidente Juan Manuel Santos, galardonado con el Premio Nobel de la Paz por el pacto con las FARC, dijo que quiere lograr \u00abla paz completa\u00bb en Colombia.<\/p>\n<p>Las conversaciones iniciaron despu\u00e9s de que los guerrilleros <strong>acordaron liberar al exlegislador Od\u00edn S\u00e1nchez<\/strong>, quien hab\u00eda estado 10 meses secuestrado.<\/p>\n<p>Tambi\u00e9n el lunes se dio a conocer la liberaci\u00f3n de <strong>un soldado, Freddy Moreno<\/strong>, capturado por la guerrilla desde hac\u00eda dos semanas.<\/p>\n<figure class=\"media-landscape has-caption full-width\"><span class=\"image-and-copyright-container\"><img loading=\"lazy\" decoding=\"async\" class=\"responsive-image__img js-image-replace\" src=\"http:\/\/ichef.bbci.co.uk\/news\/624\/cpsprodpb\/5777\/production\/_94219322_aef52da0-2791-4476-8263-6d60ef40c68c.jpg\" alt=\"Juan Camilo Restrepo (i), l\u00edder negociador del gobierno de Colombia, y Pablo Beltr\u00e1n, del ELN\" width=\"976\" height=\"549\" data-highest-encountered-width=\"624\" \/><span class=\"off-screen\">Derechos de autor de la imagen<\/span><span class=\"story-image-copyright\">AP<\/span><\/span><figcaption class=\"media-caption\"><span class=\"off-screen\">Image caption<\/span><span class=\"media-caption__text\">Si las negociaciones son exitosas, Colombia terminar\u00eda con cinco d\u00e9cadas de conflicto armado con los guerrilleros.<\/span><\/figcaption><\/figure>\n<h2 class=\"story-body__crosshead\">Retrasos<\/h2>\n<p>Las conversaciones estaban pactadas para iniciar a finales de octubre de 2016, pero fueron retrasadas ya que el gobierno se neg\u00f3 a negociar si S\u00e1nchez segu\u00eda como reh\u00e9n.<\/p>\n<p>Por su parte, los rebeldes demandaban a cambio <strong>que el gobierno<\/strong><strong>indultara a dos de sus miembros <\/strong>que cumplen condenas de prisi\u00f3n.<\/p>\n<p>Las dos partes llegaron a un acuerdo y los dos integrantes del ELN fueron puestos en libertad el s\u00e1bado.<\/p>\n<p>Este grupo armado <strong>fue fundado en 1964<\/strong> con el objetivo declarado de luchar contra la desigualdad en la distribuci\u00f3n de la tierra y las riquezas de Colombia, inspirado en la revoluci\u00f3n cubana de 1959.<\/p>\n<figure class=\"media-landscape has-caption full-width\"><span class=\"image-and-copyright-container\"><img loading=\"lazy\" decoding=\"async\" class=\"responsive-image__img js-image-replace\" src=\"http:\/\/ichef.bbci.co.uk\/news\/624\/cpsprodpb\/0957\/production\/_94219320_799e9c16-d165-43c3-a3af-02d34d78d394.jpg\" alt=\"Integrantes del ELN en formaci\u00f3n\" width=\"976\" height=\"549\" data-highest-encountered-width=\"624\" \/><span class=\"off-screen\">Derechos de autor de la imagen<\/span><span class=\"story-image-copyright\">AFP<\/span><\/span><figcaption class=\"media-caption\"><span class=\"off-screen\">Image caption<\/span><span class=\"media-caption__text\">El ELN surgi\u00f3 en 1964 y desde entonces se ha mantenido en postura b\u00e9lica en contra del gobierno de Colombia.<\/span><\/figcaption><\/figure>\n<p>Hasta ahora se mantiene como<strong> el segundo grupo armado m\u00e1s grande de Colombia.<\/strong><\/p>\n<p>Las FARC est\u00e1n en proceso de desmovilizaci\u00f3n y se han reunido en \u00abzonas de transici\u00f3n\u00bb en las que entregar\u00e1n las armas bajo la supervisi\u00f3n de observadores de Naciones Unidas.<\/p>\n<p>Se espera que el \u00faltimo de los rebeldes de las FARC llegue a las zonas de desmovilizaci\u00f3n este mi\u00e9rcoles.<\/p>\n","protected":false},"excerpt":{"rendered":"<p>El gobierno de Colombia arranc\u00f3 el di\u00e1logo con el otro brazo guerrillero del pa\u00eds. Luego de firmar la paz en 2016 con las Fuerzas Armadas Revolucionarias de Colombia (FARC), este martes los negociadores del gobierno se sentaron por primera vez a dialogar con l\u00edderes del Ej\u00e9rcito de Liberaci\u00f3n Nacional (ELN). Quito, la capital de Ecuador, [&hellip;]<\/p>\n","protected":false},"author":4,"featured_media":62697,"comment_status":"open","ping_status":"open","sticky":false,"template":"","format":"standard","meta":{"footnotes":""},"categories":[50,43],"tags":[],"class_list":["post-62696","post","type-post","status-publish","format-standard","has-post-thumbnail","hentry","category-colombia","category-politica"],"_links":{"self":[{"href":"https:\/\/2horizontes.com\/index.php?rest_route=\/wp\/v2\/posts\/62696","targetHints":{"allow":["GET"]}}],"collection":[{"href":"https:\/\/2horizontes.com\/index.php?rest_route=\/wp\/v2\/posts"}],"about":[{"href":"https:\/\/2horizontes.com\/index.php?rest_route=\/wp\/v2\/types\/post"}],"author":[{"embeddable":true,"href":"https:\/\/2horizontes.com\/index.php?rest_route=\/wp\/v2\/users\/4"}],"replies":[{"embeddable":true,"href":"https:\/\/2horizontes.com\/index.php?rest_route=%2Fwp%2Fv2%2Fcomments&post=62696"}],"version-history":[{"count":1,"href":"https:\/\/2horizontes.com\/index.php?rest_route=\/wp\/v2\/posts\/62696\/revisions"}],"predecessor-version":[{"id":62698,"href":"https:\/\/2horizontes.com\/index.php?rest_route=\/wp\/v2\/posts\/62696\/revisions\/62698"}],"wp:featuredmedia":[{"embeddable":true,"href":"https:\/\/2horizontes.com\/index.php?rest_route=\/wp\/v2\/media\/62697"}],"wp:attachment":[{"href":"https:\/\/2horizontes.com\/index.php?rest_route=%2Fwp%2Fv2%2Fmedia&parent=62696"}],"wp:term":[{"taxonomy":"category","embeddable":true,"href":"https:\/\/2horizontes.com\/index.php?rest_route=%2Fwp%2Fv2%2Fcategories&post=62696"},{"taxonomy":"post_tag","embeddable":true,"href":"https:\/\/2horizontes.com\/index.php?rest_route=%2Fwp%2Fv2%2Ftags&post=62696"}],"curies":[{"name":"wp","href":"https:\/\/api.w.org\/{rel}","templated":true}]}}