{"id":62650,"date":"2017-02-06T17:14:34","date_gmt":"2017-02-06T16:14:34","guid":{"rendered":"http:\/\/2horizontes.com\/?p=62650"},"modified":"2017-02-06T17:14:34","modified_gmt":"2017-02-06T16:14:34","slug":"cientos-firman-por-fin-de-la-impunidad-republica-dominicana","status":"publish","type":"post","link":"https:\/\/2horizontes.com\/?p=62650","title":{"rendered":"Cientos firman por fin de la impunidad Rep\u00fablica Dominicana"},"content":{"rendered":"<p>Cientos de personas acudieron ayer al llamado de varias organizaciones civiles para firmar por el fin de la impunidad en Rep\u00fablica Dominicana.<\/p>\n<p>El acto de firmas inici\u00f3 a partir de las 9:00 de la ma\u00f1ana en el parque Independencia, frente a la Puerta del Conde, donde ciudadanos de todas las clases sociales asistieron con vestimentas y accesorios verdes como s\u00edmbolog\u00eda de una \u201cesperanza\u201d.<\/p>\n<p>Los organizadores destacaron que la movilizaci\u00f3n tiene como objetivo identificar, someter y condenar a todos los funcionarios sobornados por Odebrecht en el pa\u00eds desde el 2001 hasta el 2014.<\/p>\n<p>Tambi\u00e9n recuperaci\u00f3n del dinero del soborno y de las sobrevaluaciones de Odebrecht, despu\u00e9s de una auditor\u00eda independiente a todas las obras construidas por la corrupta multinacional brasile\u00f1a.<\/p>\n<p>Sometimiento a la justicia de los ejecutivos de Odebrecht y cancelaci\u00f3n de todos sus contratos en el pa\u00eds, incluyendo el de las plantas a carb\u00f3n de Punta Catalina.<\/p>\n<p>Creaci\u00f3n de una Comisi\u00f3n Especial Contra la Impunidad con el apoyo de las Naciones Unidas que pueda colaborar con los fiscales nacionales independientes que se deben designar para este caso, que no respondan al Partido de la Liberaci\u00f3n Dominicana (PLD).<\/p>\n<div id=\"FIOnDemandWrapper_fiInstance_101888_5_877356\" class=\"FIOnDemandWrapper\"><\/div>\n<p>Que la C\u00e1mara de Cuentas presente en un plazo de 30 d\u00edas un informe de Declaraci\u00f3n Jurada de Patrimonio de los presidentes, ministros y dem\u00e1s altos funcionarios que entraron en contacto de negociaciones con Odebrecht desde el 2001 hasta 2014.<\/p>\n","protected":false},"excerpt":{"rendered":"<p>Cientos de personas acudieron ayer al llamado de varias organizaciones civiles para firmar por el fin de la impunidad en Rep\u00fablica Dominicana. El acto de firmas inici\u00f3 a partir de las 9:00 de la ma\u00f1ana en el parque Independencia, frente a la Puerta del Conde, donde ciudadanos de todas las clases sociales asistieron con vestimentas [&hellip;]<\/p>\n","protected":false},"author":4,"featured_media":62651,"comment_status":"open","ping_status":"open","sticky":false,"template":"","format":"standard","meta":{"footnotes":""},"categories":[43,44],"tags":[],"class_list":["post-62650","post","type-post","status-publish","format-standard","has-post-thumbnail","hentry","category-politica","category-republica-dominicana"],"_links":{"self":[{"href":"https:\/\/2horizontes.com\/index.php?rest_route=\/wp\/v2\/posts\/62650","targetHints":{"allow":["GET"]}}],"collection":[{"href":"https:\/\/2horizontes.com\/index.php?rest_route=\/wp\/v2\/posts"}],"about":[{"href":"https:\/\/2horizontes.com\/index.php?rest_route=\/wp\/v2\/types\/post"}],"author":[{"embeddable":true,"href":"https:\/\/2horizontes.com\/index.php?rest_route=\/wp\/v2\/users\/4"}],"replies":[{"embeddable":true,"href":"https:\/\/2horizontes.com\/index.php?rest_route=%2Fwp%2Fv2%2Fcomments&post=62650"}],"version-history":[{"count":1,"href":"https:\/\/2horizontes.com\/index.php?rest_route=\/wp\/v2\/posts\/62650\/revisions"}],"predecessor-version":[{"id":62652,"href":"https:\/\/2horizontes.com\/index.php?rest_route=\/wp\/v2\/posts\/62650\/revisions\/62652"}],"wp:featuredmedia":[{"embeddable":true,"href":"https:\/\/2horizontes.com\/index.php?rest_route=\/wp\/v2\/media\/62651"}],"wp:attachment":[{"href":"https:\/\/2horizontes.com\/index.php?rest_route=%2Fwp%2Fv2%2Fmedia&parent=62650"}],"wp:term":[{"taxonomy":"category","embeddable":true,"href":"https:\/\/2horizontes.com\/index.php?rest_route=%2Fwp%2Fv2%2Fcategories&post=62650"},{"taxonomy":"post_tag","embeddable":true,"href":"https:\/\/2horizontes.com\/index.php?rest_route=%2Fwp%2Fv2%2Ftags&post=62650"}],"curies":[{"name":"wp","href":"https:\/\/api.w.org\/{rel}","templated":true}]}}