{"id":62642,"date":"2017-02-06T16:43:05","date_gmt":"2017-02-06T15:43:05","guid":{"rendered":"http:\/\/2horizontes.com\/?p=62642"},"modified":"2017-02-06T16:43:05","modified_gmt":"2017-02-06T15:43:05","slug":"fundacion-matias-ramon-mella-reconoce-dos-miembros-de-la-fuerza-aerea-dominicana","status":"publish","type":"post","link":"https:\/\/2horizontes.com\/?p=62642","title":{"rendered":"Fundaci\u00f3n Mat\u00edas Ram\u00f3n Mella, reconoce Dos miembros de la Fuerza  A\u00e9rea  Dominicana"},"content":{"rendered":"<p>En honor\u00a0 del patricio dominicano Mat\u00edas Ram\u00f3n Mella, militar, pol\u00edtico y activista dominicano considerado uno de los Padres de la Patria de la Rep\u00fablica Dominicana junto a Juan Pablo Duarte y Francisco del Rosario S\u00e1nchez.<\/p>\n<p><a href=\"http:\/\/2horizontes.com\/wp-content\/uploads\/2017\/02\/gen.jpg\"><img loading=\"lazy\" decoding=\"async\" class=\" wp-image-62644 alignleft\" src=\"http:\/\/2horizontes.com\/wp-content\/uploads\/2017\/02\/gen-225x300.jpg\" alt=\"\" width=\"154\" height=\"206\" srcset=\"https:\/\/2horizontes.com\/wp-content\/uploads\/2017\/02\/gen-225x300.jpg 225w, https:\/\/2horizontes.com\/wp-content\/uploads\/2017\/02\/gen-510x680.jpg 510w, https:\/\/2horizontes.com\/wp-content\/uploads\/2017\/02\/gen.jpg 720w\" sizes=\"auto, (max-width: 154px) 100vw, 154px\" \/><\/a><\/p>\n<p>La Fundaci\u00f3n Mat\u00edas Ram\u00f3n Mella, presidida por el locutor Alfredo Mella, y con\u00a0 m\u00e1s de una d\u00e9cada desde su fundaci\u00f3n, hace entrega a dominicanos ejemplares en la Republica Dominicana , esta vez fueron reconocidos\u00a0 dos grandes autoridades de la Fuerza A\u00e9rea Dominicana; el\u00a0 General Paracaidista Nelson Moquete Checo, Inspector y al General Piloto Alberto Lagrange Madera, Comandante de la Base A\u00e9rea\u00a0\u00a0 y Piloto del Presidente Dominicano Danilo Medina, Militares queridos, Respetuosos, educados, con\u00a0 m\u00e1s de 30 a\u00f1os\u00a0 ejerciendo en la instituci\u00f3n sin ninguna falta Disciplinaria, \u00edntegro, ejemplos a seguir y Orgullo para los Dominicanos y San Isidro.<\/p>\n<p>&nbsp;<\/p>\n<p>El general paracaidista de la Fuerza A\u00e9rea Moquete Checo, Recibi\u00f3 las dos medallas\u00a0 una otorgada a \u00e9l por su gran labor y la de su compa\u00f1ero\u00a0 el cual no estaba en el momento por circunstancias laborales<\/p>\n<p><a href=\"http:\/\/2horizontes.com\/wp-content\/uploads\/2017\/02\/cds.jpg\"><img loading=\"lazy\" decoding=\"async\" class=\" wp-image-62645 alignleft\" src=\"http:\/\/2horizontes.com\/wp-content\/uploads\/2017\/02\/cds-225x300.jpg\" alt=\"\" width=\"189\" height=\"252\" srcset=\"https:\/\/2horizontes.com\/wp-content\/uploads\/2017\/02\/cds-225x300.jpg 225w, https:\/\/2horizontes.com\/wp-content\/uploads\/2017\/02\/cds-510x680.jpg 510w, https:\/\/2horizontes.com\/wp-content\/uploads\/2017\/02\/cds.jpg 720w\" sizes=\"auto, (max-width: 189px) 100vw, 189px\" \/><\/a><\/p>\n","protected":false},"excerpt":{"rendered":"<p>En honor\u00a0 del patricio dominicano Mat\u00edas Ram\u00f3n Mella, militar, pol\u00edtico y activista dominicano considerado uno de los Padres de la Patria de la Rep\u00fablica Dominicana junto a Juan Pablo Duarte y Francisco del Rosario S\u00e1nchez. La Fundaci\u00f3n Mat\u00edas Ram\u00f3n Mella, presidida por el locutor Alfredo Mella, y con\u00a0 m\u00e1s de una d\u00e9cada desde su fundaci\u00f3n, [&hellip;]<\/p>\n","protected":false},"author":4,"featured_media":62643,"comment_status":"open","ping_status":"open","sticky":false,"template":"","format":"standard","meta":{"footnotes":""},"categories":[62,83,44],"tags":[],"class_list":["post-62642","post","type-post","status-publish","format-standard","has-post-thumbnail","hentry","category-cultura","category-reportajes","category-republica-dominicana"],"_links":{"self":[{"href":"https:\/\/2horizontes.com\/index.php?rest_route=\/wp\/v2\/posts\/62642","targetHints":{"allow":["GET"]}}],"collection":[{"href":"https:\/\/2horizontes.com\/index.php?rest_route=\/wp\/v2\/posts"}],"about":[{"href":"https:\/\/2horizontes.com\/index.php?rest_route=\/wp\/v2\/types\/post"}],"author":[{"embeddable":true,"href":"https:\/\/2horizontes.com\/index.php?rest_route=\/wp\/v2\/users\/4"}],"replies":[{"embeddable":true,"href":"https:\/\/2horizontes.com\/index.php?rest_route=%2Fwp%2Fv2%2Fcomments&post=62642"}],"version-history":[{"count":1,"href":"https:\/\/2horizontes.com\/index.php?rest_route=\/wp\/v2\/posts\/62642\/revisions"}],"predecessor-version":[{"id":62646,"href":"https:\/\/2horizontes.com\/index.php?rest_route=\/wp\/v2\/posts\/62642\/revisions\/62646"}],"wp:featuredmedia":[{"embeddable":true,"href":"https:\/\/2horizontes.com\/index.php?rest_route=\/wp\/v2\/media\/62643"}],"wp:attachment":[{"href":"https:\/\/2horizontes.com\/index.php?rest_route=%2Fwp%2Fv2%2Fmedia&parent=62642"}],"wp:term":[{"taxonomy":"category","embeddable":true,"href":"https:\/\/2horizontes.com\/index.php?rest_route=%2Fwp%2Fv2%2Fcategories&post=62642"},{"taxonomy":"post_tag","embeddable":true,"href":"https:\/\/2horizontes.com\/index.php?rest_route=%2Fwp%2Fv2%2Ftags&post=62642"}],"curies":[{"name":"wp","href":"https:\/\/api.w.org\/{rel}","templated":true}]}}