{"id":62639,"date":"2017-02-06T15:46:10","date_gmt":"2017-02-06T14:46:10","guid":{"rendered":"http:\/\/2horizontes.com\/?p=62639"},"modified":"2017-02-06T15:46:10","modified_gmt":"2017-02-06T14:46:10","slug":"la-embajada-dominicana-conmemora-en-madrid-la-acogida-de-judios-en-la-republica-dominicana-durante-el-holocausto","status":"publish","type":"post","link":"https:\/\/2horizontes.com\/?p=62639","title":{"rendered":"La embajada dominicana conmemora en Madrid la acogida de jud\u00edos en la Rep\u00fablica Dominicana durante el Holocausto"},"content":{"rendered":"<p class=\"x_xmsonormal\">por \u00a0Patricia Faxas Vargas<\/p>\n<p class=\"x_xmsonormal\">La embajada dominicana en Madrid realiz\u00f3 el pasado 31 de enero un acto en conmemoraci\u00f3n del Holocausto en el cual destac\u00f3 la acogida de la Rep\u00fablica dominicana de cientos de jud\u00edos que hu\u00eda de la persecuci\u00f3n nazi antes y durante la Segunda Guerra Mundial.<\/p>\n<p class=\"x_xmsonormal\">\u00a0La actividad, organizada junto al Centro\u00a0Sefarad-Israel en torno a la presentaci\u00f3n del documental\u00a0 \u201cSos\u00faa: Refugio Inesperado\u201d, recont\u00f3 este interesante capitulo de la historia de los jud\u00edos asentados en el pa\u00eds caribe\u00f1o, a ra\u00edz de cuya llegada se desarroll\u00f3 la comunidad de Sos\u00faa.<\/p>\n<p class=\"x_xmsonormal\">\u00a0Como parte de la actividad, \u00a0el abogado jud\u00edo experto en derechos humanos Emilio Ramos dict\u00f3 una charla en la que abord\u00f3 los aspectos hist\u00f3ricos que pusieron en contexto\u00a0la decisi\u00f3n de R. L. Trujillo de abrir las puertas a miles de refugiados del viejo continente. Explic\u00f3 como la\u00a0Rep\u00fablica Dominicana\u00a0contrarrest\u00f3 la tendencia mundial\u00a0a imponer o mantener cuotas restrictivas a la inmigraci\u00f3n de jud\u00edos. En la conferencia de \u00c9vian de 1938 el pa\u00eds fue el \u00fanico del mundo que dio un paso adelante para ofrecer recibir 100 mil refugiados, aunque el n\u00famero de llegadas se vio severamente afectado por el inicio de la guerra y otras restricciones encontradas por los jud\u00edos en su camino.<\/p>\n<p class=\"x_xmsonormal\">\u00a0Aunque solo algunos 750 refugiados pudieron alcanzar sus costas, la Rep\u00fablica Dominicana otorg\u00f3 m\u00e1s de 5 mil visas a jud\u00edos entre 1939 y 1942, lo que sin duda ofreci\u00f3 salvoconducto a muchos para alcanzar otros destinos.<\/p>\n<p class=\"x_xmsonormal\">\u00a0Los jud\u00edos que llegaron\u00a0 a Sos\u00faa iniciaron una nueva vida, afrontando los grandes retos del idioma, el clima y la cultura.\u00a0 All\u00ed se les cedi\u00f3 tierra y recursos para cultivarla, gracias a la ayuda desde EE. UU. del\u00a0<i>Dominican Republic Settlement Association<\/i>(DORSA, por sus siglas en ingl\u00e9s). Instalaron f\u00e1bricas, construyeron una escuela y un hospital,dinamizando la poblaci\u00f3n que todav\u00eda hoy evidencia una presencia de la comunidad establecida durante los a\u00f1os 40.<\/p>\n<p class=\"x_xmsonormal\">\u00a0La ministra consejera Alejandra Hern\u00e1ndez, en representaci\u00f3n de la embajada, agradeci\u00f3 la presencia de todos los que se dieron cita en la Casa Sefarad, entre los que se encontraban representantes de la comunidad dominicana y espa\u00f1ola, as\u00ed como miembros de distintas misiones diplom\u00e1ticas. Representantes de la comunidad jud\u00eda en Madrid expresaron sorpresa y agradecimiento hacia el pa\u00eds y sus habitantes al o\u00edr sobre este episodio poco conocido de su historia.<\/p>\n<p class=\"x_MsoNormal\">\n","protected":false},"excerpt":{"rendered":"<p>por \u00a0Patricia Faxas Vargas La embajada dominicana en Madrid realiz\u00f3 el pasado 31 de enero un acto en conmemoraci\u00f3n del Holocausto en el cual destac\u00f3 la acogida de la Rep\u00fablica dominicana de cientos de jud\u00edos que hu\u00eda de la persecuci\u00f3n nazi antes y durante la Segunda Guerra Mundial. \u00a0La actividad, organizada junto al Centro\u00a0Sefarad-Israel en [&hellip;]<\/p>\n","protected":false},"author":4,"featured_media":62640,"comment_status":"open","ping_status":"open","sticky":false,"template":"","format":"standard","meta":{"footnotes":""},"categories":[62,46],"tags":[],"class_list":["post-62639","post","type-post","status-publish","format-standard","has-post-thumbnail","hentry","category-cultura","category-dominicanos-en-madrid"],"_links":{"self":[{"href":"https:\/\/2horizontes.com\/index.php?rest_route=\/wp\/v2\/posts\/62639","targetHints":{"allow":["GET"]}}],"collection":[{"href":"https:\/\/2horizontes.com\/index.php?rest_route=\/wp\/v2\/posts"}],"about":[{"href":"https:\/\/2horizontes.com\/index.php?rest_route=\/wp\/v2\/types\/post"}],"author":[{"embeddable":true,"href":"https:\/\/2horizontes.com\/index.php?rest_route=\/wp\/v2\/users\/4"}],"replies":[{"embeddable":true,"href":"https:\/\/2horizontes.com\/index.php?rest_route=%2Fwp%2Fv2%2Fcomments&post=62639"}],"version-history":[{"count":1,"href":"https:\/\/2horizontes.com\/index.php?rest_route=\/wp\/v2\/posts\/62639\/revisions"}],"predecessor-version":[{"id":62641,"href":"https:\/\/2horizontes.com\/index.php?rest_route=\/wp\/v2\/posts\/62639\/revisions\/62641"}],"wp:featuredmedia":[{"embeddable":true,"href":"https:\/\/2horizontes.com\/index.php?rest_route=\/wp\/v2\/media\/62640"}],"wp:attachment":[{"href":"https:\/\/2horizontes.com\/index.php?rest_route=%2Fwp%2Fv2%2Fmedia&parent=62639"}],"wp:term":[{"taxonomy":"category","embeddable":true,"href":"https:\/\/2horizontes.com\/index.php?rest_route=%2Fwp%2Fv2%2Fcategories&post=62639"},{"taxonomy":"post_tag","embeddable":true,"href":"https:\/\/2horizontes.com\/index.php?rest_route=%2Fwp%2Fv2%2Ftags&post=62639"}],"curies":[{"name":"wp","href":"https:\/\/api.w.org\/{rel}","templated":true}]}}