{"id":62620,"date":"2017-02-06T13:49:21","date_gmt":"2017-02-06T12:49:21","guid":{"rendered":"http:\/\/2horizontes.com\/?p=62620"},"modified":"2017-02-06T13:49:21","modified_gmt":"2017-02-06T12:49:21","slug":"maduro-asegura-que-ahora-viene-la-revolucion-para-venezuela","status":"publish","type":"post","link":"https:\/\/2horizontes.com\/?p=62620","title":{"rendered":"Maduro asegura que \u00abahora viene la revoluci\u00f3n\u00bb para Venezuela"},"content":{"rendered":"<div class=\"amp-ad-banner-container\"><\/div>\n<div class=\"content\">\n<p>El presidente de Venezuela, Nicol\u00e1s Maduro, ha asegurado que \u00abahora viene revoluci\u00f3n\u00bb para el pa\u00eds, al recordar que este s\u00e1bado <strong>se cumplen 25 a\u00f1os del intento de golpe de Estado <\/strong>del 4 de febrero de 1992 que fue encabezado por e<a href=\"http:\/\/www.abc.es\/internacional\/abci-maduro-crea-comandos-paramilitares-para-reprimir-denuncia-oposicion-venezolana-201702030146_noticia.html\" target=\"_top\">l entonces coronel del Ej\u00e9rcito Hugo Ch\u00e1vez.<\/a><\/p>\n<p>\u00abYo puedo decir hoy, 25 a\u00f1os despu\u00e9s, que ahora es que viene 4 de febrero en este pa\u00eds, ahora es que viene revoluci\u00f3n. \u00a1Qu\u00e9 viva el 4 de febrero de 1992!, \u00a1<strong>Qu\u00e9 viva la revoluci\u00f3n bolivariana<\/strong>!\u00bb, ha dicho durante el acto conmemorativo celebrado en el Cuartel P\u00e1ez de Maracay, estado Aragua (centro).<\/p>\n<p>Asimismo, Maduro ha agradecido a la Fuerza Armada Nacional Bolivariana (FANB) por su <strong>lealtad al \u00abesp\u00edritu\u00bb del 4 de febrero <\/strong>y por estar del lado del pueblo venezolano \u00aben todas las batallas que se han dado por la dignidad, la soberan\u00eda y ahora el socialismo\u00bb.<\/p>\n<p>Antes, el ministro para la Defensa, Vladimir Padrino L\u00f3pez, en nombre de la FANB, ha expresado a trav\u00e9s de un comunicado, su \u00abadmiraci\u00f3n y respeto\u00bb por quienes \u00ab<strong>con gallard\u00eda<\/strong>, aut\u00e9ntico fervor nacionalista y sentido del deber, enarbolaron el estandarte de la libertad, la justicia y la lucha contra la tiran\u00eda\u00bb<\/p>\n<\/div>\n","protected":false},"excerpt":{"rendered":"<p>El presidente de Venezuela, Nicol\u00e1s Maduro, ha asegurado que \u00abahora viene revoluci\u00f3n\u00bb para el pa\u00eds, al recordar que este s\u00e1bado se cumplen 25 a\u00f1os del intento de golpe de Estado del 4 de febrero de 1992 que fue encabezado por el entonces coronel del Ej\u00e9rcito Hugo Ch\u00e1vez. \u00abYo puedo decir hoy, 25 a\u00f1os despu\u00e9s, que [&hellip;]<\/p>\n","protected":false},"author":3,"featured_media":62621,"comment_status":"open","ping_status":"open","sticky":false,"template":"","format":"standard","meta":{"footnotes":""},"categories":[48],"tags":[],"class_list":["post-62620","post","type-post","status-publish","format-standard","has-post-thumbnail","hentry","category-venezuela"],"_links":{"self":[{"href":"https:\/\/2horizontes.com\/index.php?rest_route=\/wp\/v2\/posts\/62620","targetHints":{"allow":["GET"]}}],"collection":[{"href":"https:\/\/2horizontes.com\/index.php?rest_route=\/wp\/v2\/posts"}],"about":[{"href":"https:\/\/2horizontes.com\/index.php?rest_route=\/wp\/v2\/types\/post"}],"author":[{"embeddable":true,"href":"https:\/\/2horizontes.com\/index.php?rest_route=\/wp\/v2\/users\/3"}],"replies":[{"embeddable":true,"href":"https:\/\/2horizontes.com\/index.php?rest_route=%2Fwp%2Fv2%2Fcomments&post=62620"}],"version-history":[{"count":1,"href":"https:\/\/2horizontes.com\/index.php?rest_route=\/wp\/v2\/posts\/62620\/revisions"}],"predecessor-version":[{"id":62622,"href":"https:\/\/2horizontes.com\/index.php?rest_route=\/wp\/v2\/posts\/62620\/revisions\/62622"}],"wp:featuredmedia":[{"embeddable":true,"href":"https:\/\/2horizontes.com\/index.php?rest_route=\/wp\/v2\/media\/62621"}],"wp:attachment":[{"href":"https:\/\/2horizontes.com\/index.php?rest_route=%2Fwp%2Fv2%2Fmedia&parent=62620"}],"wp:term":[{"taxonomy":"category","embeddable":true,"href":"https:\/\/2horizontes.com\/index.php?rest_route=%2Fwp%2Fv2%2Fcategories&post=62620"},{"taxonomy":"post_tag","embeddable":true,"href":"https:\/\/2horizontes.com\/index.php?rest_route=%2Fwp%2Fv2%2Ftags&post=62620"}],"curies":[{"name":"wp","href":"https:\/\/api.w.org\/{rel}","templated":true}]}}