{"id":62538,"date":"2017-02-02T13:46:14","date_gmt":"2017-02-02T12:46:14","guid":{"rendered":"http:\/\/2horizontes.com\/?p=62538"},"modified":"2017-02-02T13:46:14","modified_gmt":"2017-02-02T12:46:14","slug":"buscan-a-un-chico-de-15-anos-desaparecido-desde-el-sabado-en-terrassa","status":"publish","type":"post","link":"https:\/\/2horizontes.com\/?p=62538","title":{"rendered":"Buscan a un chico de 15 a\u00f1os desaparecido desde el s\u00e1bado en Terrassa"},"content":{"rendered":"<p>Un <b>chico <\/b>de 15 a\u00f1os de <b>Terrassa <\/b>lleva <b>desaparecido <\/b>desde el pasado s\u00e1bado, 28 de enero, cuando se le vio por \u00faltima vez, seg\u00fan ha denunciado su familia a la polic\u00eda y a trav\u00e9s de las redes sociales.<\/p>\n<p>La familia present\u00f3 la denuncia ante los Mossos d&#8217;Esquadra el lunes despu\u00e9s de que el chico no diese se\u00f1ales de vida desde el s\u00e1bado y no se presentara en el instituto el primer d\u00eda de la semana. Seg\u00fan parece, el menor, que vive en el barrio de Can Parellada de Terrassa y estudia en el Instituto Can Roca de la ciudad, dej\u00f3 el s\u00e1bado a su novia en casa, que vive en el barrio de Bon Aire, y desde entonces no se ha sabido nada m\u00e1s de \u00e9l.<\/p>\n<p>Seg\u00fan explica el padre del menor en las redes sociales, en el momento de la desaparici\u00f3n el chico vest\u00eda una cazadora azul con tonos verdes con capucha y no llevaba pendientes.<\/p>\n<p>En este sentido, la polic\u00eda catalana ha confirmado que la familia present\u00f3 la denuncia de desaparici\u00f3n el lunes y que la unidad de investigaci\u00f3n del cuerpo trabaja desde entonces en su b\u00fasqueda, sin ninguna novedad relevante hasta el momento.<\/p>\n","protected":false},"excerpt":{"rendered":"<p>Un chico de 15 a\u00f1os de Terrassa lleva desaparecido desde el pasado s\u00e1bado, 28 de enero, cuando se le vio por \u00faltima vez, seg\u00fan ha denunciado su familia a la polic\u00eda y a trav\u00e9s de las redes sociales. La familia present\u00f3 la denuncia ante los Mossos d&#8217;Esquadra el lunes despu\u00e9s de que el chico no [&hellip;]<\/p>\n","protected":false},"author":3,"featured_media":62539,"comment_status":"open","ping_status":"open","sticky":false,"template":"","format":"standard","meta":{"footnotes":""},"categories":[85],"tags":[],"class_list":["post-62538","post","type-post","status-publish","format-standard","has-post-thumbnail","hentry","category-espana"],"_links":{"self":[{"href":"https:\/\/2horizontes.com\/index.php?rest_route=\/wp\/v2\/posts\/62538","targetHints":{"allow":["GET"]}}],"collection":[{"href":"https:\/\/2horizontes.com\/index.php?rest_route=\/wp\/v2\/posts"}],"about":[{"href":"https:\/\/2horizontes.com\/index.php?rest_route=\/wp\/v2\/types\/post"}],"author":[{"embeddable":true,"href":"https:\/\/2horizontes.com\/index.php?rest_route=\/wp\/v2\/users\/3"}],"replies":[{"embeddable":true,"href":"https:\/\/2horizontes.com\/index.php?rest_route=%2Fwp%2Fv2%2Fcomments&post=62538"}],"version-history":[{"count":1,"href":"https:\/\/2horizontes.com\/index.php?rest_route=\/wp\/v2\/posts\/62538\/revisions"}],"predecessor-version":[{"id":62540,"href":"https:\/\/2horizontes.com\/index.php?rest_route=\/wp\/v2\/posts\/62538\/revisions\/62540"}],"wp:featuredmedia":[{"embeddable":true,"href":"https:\/\/2horizontes.com\/index.php?rest_route=\/wp\/v2\/media\/62539"}],"wp:attachment":[{"href":"https:\/\/2horizontes.com\/index.php?rest_route=%2Fwp%2Fv2%2Fmedia&parent=62538"}],"wp:term":[{"taxonomy":"category","embeddable":true,"href":"https:\/\/2horizontes.com\/index.php?rest_route=%2Fwp%2Fv2%2Fcategories&post=62538"},{"taxonomy":"post_tag","embeddable":true,"href":"https:\/\/2horizontes.com\/index.php?rest_route=%2Fwp%2Fv2%2Ftags&post=62538"}],"curies":[{"name":"wp","href":"https:\/\/api.w.org\/{rel}","templated":true}]}}