{"id":62524,"date":"2017-02-02T12:17:10","date_gmt":"2017-02-02T11:17:10","guid":{"rendered":"http:\/\/2horizontes.com\/?p=62524"},"modified":"2017-02-02T12:17:10","modified_gmt":"2017-02-02T11:17:10","slug":"horario-y-donde-ver-el-croacia-espana-de-la-copa-davis","status":"publish","type":"post","link":"https:\/\/2horizontes.com\/?p=62524","title":{"rendered":"Horario y d\u00f3nde ver el Croacia &#8211; Espa\u00f1a de la Copa Davis"},"content":{"rendered":"<p><b>Espa\u00f1a <\/b>regresa al Grupo Mundial de la <b>Copa Davis <\/b>ante un rival que a priori podr\u00eda ser muy exigente. Croacia fue finalista en la \u00faltima edici\u00f3n, aunque en esta ocasi\u00f3n el equipo balc\u00e1nico ha reservado a todas sus estrellas para enfrentarse al combinado dirigido por Conchita Mart\u00ednez.<\/p>\n<p>Marin Cilic, Ivo Karlovic, Borna Corirc e Ivan Dodig ser\u00e1n baja para este encuentro. El capit\u00e1n Zeljko Krajan contar\u00e1 con Franko Skugor, 221 del ranking ATP, Nikola Mektic (313) y los doblistas Ante Pavic y Marin Dranganja.<\/p>\n<p>Por parte de los espa\u00f1oles, Rafael Nadal confirm\u00f3 su ausencia tras el desgaste sufrido en la final del Open de Australia en la que cay\u00f3 ante Roger Federer. Feliciano L\u00f3pez ser\u00e1 su sustituto y formar\u00e1 equipo junto a Roberto Bautista, Pablo Carre\u00f1o y Marc L\u00f3pez.<\/p>\n","protected":false},"excerpt":{"rendered":"<p>Espa\u00f1a regresa al Grupo Mundial de la Copa Davis ante un rival que a priori podr\u00eda ser muy exigente. Croacia fue finalista en la \u00faltima edici\u00f3n, aunque en esta ocasi\u00f3n el equipo balc\u00e1nico ha reservado a todas sus estrellas para enfrentarse al combinado dirigido por Conchita Mart\u00ednez. Marin Cilic, Ivo Karlovic, Borna Corirc e Ivan [&hellip;]<\/p>\n","protected":false},"author":3,"featured_media":62526,"comment_status":"open","ping_status":"open","sticky":false,"template":"","format":"standard","meta":{"footnotes":""},"categories":[42],"tags":[],"class_list":["post-62524","post","type-post","status-publish","format-standard","has-post-thumbnail","hentry","category-deportes"],"_links":{"self":[{"href":"https:\/\/2horizontes.com\/index.php?rest_route=\/wp\/v2\/posts\/62524","targetHints":{"allow":["GET"]}}],"collection":[{"href":"https:\/\/2horizontes.com\/index.php?rest_route=\/wp\/v2\/posts"}],"about":[{"href":"https:\/\/2horizontes.com\/index.php?rest_route=\/wp\/v2\/types\/post"}],"author":[{"embeddable":true,"href":"https:\/\/2horizontes.com\/index.php?rest_route=\/wp\/v2\/users\/3"}],"replies":[{"embeddable":true,"href":"https:\/\/2horizontes.com\/index.php?rest_route=%2Fwp%2Fv2%2Fcomments&post=62524"}],"version-history":[{"count":2,"href":"https:\/\/2horizontes.com\/index.php?rest_route=\/wp\/v2\/posts\/62524\/revisions"}],"predecessor-version":[{"id":62527,"href":"https:\/\/2horizontes.com\/index.php?rest_route=\/wp\/v2\/posts\/62524\/revisions\/62527"}],"wp:featuredmedia":[{"embeddable":true,"href":"https:\/\/2horizontes.com\/index.php?rest_route=\/wp\/v2\/media\/62526"}],"wp:attachment":[{"href":"https:\/\/2horizontes.com\/index.php?rest_route=%2Fwp%2Fv2%2Fmedia&parent=62524"}],"wp:term":[{"taxonomy":"category","embeddable":true,"href":"https:\/\/2horizontes.com\/index.php?rest_route=%2Fwp%2Fv2%2Fcategories&post=62524"},{"taxonomy":"post_tag","embeddable":true,"href":"https:\/\/2horizontes.com\/index.php?rest_route=%2Fwp%2Fv2%2Ftags&post=62524"}],"curies":[{"name":"wp","href":"https:\/\/api.w.org\/{rel}","templated":true}]}}