{"id":6245,"date":"2015-05-07T20:52:25","date_gmt":"2015-05-07T19:52:25","guid":{"rendered":"http:\/\/2horizontes.com\/?p=6245"},"modified":"2015-05-07T20:52:25","modified_gmt":"2015-05-07T19:52:25","slug":"dominguez-brito-seran-juzgado-como-criminales-los-que-provoquen-incendios-forestales","status":"publish","type":"post","link":"https:\/\/2horizontes.com\/?p=6245","title":{"rendered":"Dominguez Brito, seran juzgado como criminales  los que provoquen incendios forestales"},"content":{"rendered":"<p>Santo Domingo-El procurador general de la Rep\u00fablica, Francisco Dom\u00ednguez Brito, advirti\u00f3 hoy\u00a0 que pedir\u00e1n prisi\u00f3n preventiva contra toda persona involucrada en incendios forestales, al tiempo de informar que solicitaron 14 \u00f3rdenes de arrestos en contra de implicados en este tipo de hechos en varias provincias del pa\u00eds.<\/p>\n<p>Afirmo que tratar\u00e1n como criminales y delincuentes vulgares a las personas que est\u00e1n cometiendo ese tipo de delitos.<\/p>\n<p>Aseguro que si los jueces acogen la solicitud de prisi\u00f3n preventiva, los involucrados deber\u00e1n ser remitidos al penal de la Victoria, la c\u00e1rcel del 15 de Azua, a Najayo y a cada uno de los penales correspondientes, como los que cometen delito de droga, homicidio, violaci\u00f3n o cualquier otro tipo de crimen, por entender que los delitos no se diferencian.<\/p>\n<p>Sostuvo que dio instrucciones precisas a todos los representantes del ministerio p\u00fablico para que hagan todo lo posible y soliciten prisi\u00f3n preventiva, de conformidad con la ley, contra toda persona que est\u00e9 provocando incendios forestales.<\/p>\n<p>Asimismo advirti\u00f3 que se est\u00e1 haciendo carb\u00f3n en el pa\u00eds y que en el mismo est\u00e1n involucrados muchos ciudadanos haitianos que ser\u00e1n apresados y deportados una vez cumplan prisi\u00f3n.<\/p>\n<p>\u201cEs tiempo, hay da\u00f1os m\u00e1s que suficientes, para que nosotros asumamos con toda responsabilidad el tema de los incendios forestales y el tema del carb\u00f3n\u201d dijo tras se\u00f1alar que est\u00e1n instruyendo a los fiscales y a los funcionarios de Medio Ambiente para que asuman un rol de apoyo al ministerio p\u00fablico en labor de vigilancia.<\/p>\n<p>En el mismo orden, \u00a0inform\u00f3 que el juzgado de atenci\u00f3n permanente de San Jos\u00e9 de Ooca dict\u00f3 prisi\u00f3n preventiva en contra de varias personas involucradas en incendios forestales.<\/p>\n","protected":false},"excerpt":{"rendered":"<p>Santo Domingo-El procurador general de la Rep\u00fablica, Francisco Dom\u00ednguez Brito, advirti\u00f3 hoy\u00a0 que pedir\u00e1n prisi\u00f3n preventiva contra toda persona involucrada en incendios forestales, al tiempo de informar que solicitaron 14 \u00f3rdenes de arrestos en contra de implicados en este tipo de hechos en varias provincias del pa\u00eds. Afirmo que tratar\u00e1n como criminales y delincuentes vulgares [&hellip;]<\/p>\n","protected":false},"author":8,"featured_media":6246,"comment_status":"open","ping_status":"open","sticky":false,"template":"","format":"standard","meta":{"footnotes":""},"categories":[44],"tags":[],"class_list":["post-6245","post","type-post","status-publish","format-standard","has-post-thumbnail","hentry","category-republica-dominicana"],"_links":{"self":[{"href":"https:\/\/2horizontes.com\/index.php?rest_route=\/wp\/v2\/posts\/6245","targetHints":{"allow":["GET"]}}],"collection":[{"href":"https:\/\/2horizontes.com\/index.php?rest_route=\/wp\/v2\/posts"}],"about":[{"href":"https:\/\/2horizontes.com\/index.php?rest_route=\/wp\/v2\/types\/post"}],"author":[{"embeddable":true,"href":"https:\/\/2horizontes.com\/index.php?rest_route=\/wp\/v2\/users\/8"}],"replies":[{"embeddable":true,"href":"https:\/\/2horizontes.com\/index.php?rest_route=%2Fwp%2Fv2%2Fcomments&post=6245"}],"version-history":[{"count":1,"href":"https:\/\/2horizontes.com\/index.php?rest_route=\/wp\/v2\/posts\/6245\/revisions"}],"predecessor-version":[{"id":6247,"href":"https:\/\/2horizontes.com\/index.php?rest_route=\/wp\/v2\/posts\/6245\/revisions\/6247"}],"wp:featuredmedia":[{"embeddable":true,"href":"https:\/\/2horizontes.com\/index.php?rest_route=\/wp\/v2\/media\/6246"}],"wp:attachment":[{"href":"https:\/\/2horizontes.com\/index.php?rest_route=%2Fwp%2Fv2%2Fmedia&parent=6245"}],"wp:term":[{"taxonomy":"category","embeddable":true,"href":"https:\/\/2horizontes.com\/index.php?rest_route=%2Fwp%2Fv2%2Fcategories&post=6245"},{"taxonomy":"post_tag","embeddable":true,"href":"https:\/\/2horizontes.com\/index.php?rest_route=%2Fwp%2Fv2%2Ftags&post=6245"}],"curies":[{"name":"wp","href":"https:\/\/api.w.org\/{rel}","templated":true}]}}