{"id":62443,"date":"2017-01-30T22:45:56","date_gmt":"2017-01-30T21:45:56","guid":{"rendered":"http:\/\/2horizontes.com\/?p=62443"},"modified":"2017-01-30T22:45:56","modified_gmt":"2017-01-30T21:45:56","slug":"dos-personas-muertas-y-otras-dos-heridas-en-accidente-en-barahona","status":"publish","type":"post","link":"https:\/\/2horizontes.com\/?p=62443","title":{"rendered":"Dos personas muertas y otras dos heridas en accidente en Barahona"},"content":{"rendered":"<p>BARAHONA.- Dos personas murieron y otras dos resultaron heridas la madrugada de este domingo en un accidente en la avenida Casandra Damir\u00f3n, de aqu\u00ed.<\/p>\n<div><\/div>\n<p>Los muertos son Adinson Cuello y Santico P\u00e9rez Sena, ambos de 23 a\u00f1os, quienes resid\u00edan en el barrio Palmarito, de esta ciudad, y los heridos Sa\u00fal P\u00e9rez Pe\u00f1a, de 28, y un menor cuyo nombre se omite por razones legales.<\/p>\n<p>Previo al accidente, las v\u00edctimas hab\u00edan compartido tragos en un centro de diversi\u00f3n del malec\u00f3n de esta ciudad, de donde partieron en una motocicleta que se estrell\u00f3 contra un \u00e1rbol, pr\u00f3ximo a la empresa Khoury Industrial.<\/p>\n<p>Las v\u00edctimas heridos fueron llevados al Hospital Regional Universitario Jaime Mota.<\/p>\n<p>jt\/am<\/p>\n","protected":false},"excerpt":{"rendered":"<p>BARAHONA.- Dos personas murieron y otras dos resultaron heridas la madrugada de este domingo en un accidente en la avenida Casandra Damir\u00f3n, de aqu\u00ed. Los muertos son Adinson Cuello y Santico P\u00e9rez Sena, ambos de 23 a\u00f1os, quienes resid\u00edan en el barrio Palmarito, de esta ciudad, y los heridos Sa\u00fal P\u00e9rez Pe\u00f1a, de 28, y [&hellip;]<\/p>\n","protected":false},"author":4,"featured_media":62444,"comment_status":"open","ping_status":"open","sticky":false,"template":"","format":"standard","meta":{"footnotes":""},"categories":[53,44],"tags":[],"class_list":["post-62443","post","type-post","status-publish","format-standard","has-post-thumbnail","hentry","category-provincias","category-republica-dominicana"],"_links":{"self":[{"href":"https:\/\/2horizontes.com\/index.php?rest_route=\/wp\/v2\/posts\/62443","targetHints":{"allow":["GET"]}}],"collection":[{"href":"https:\/\/2horizontes.com\/index.php?rest_route=\/wp\/v2\/posts"}],"about":[{"href":"https:\/\/2horizontes.com\/index.php?rest_route=\/wp\/v2\/types\/post"}],"author":[{"embeddable":true,"href":"https:\/\/2horizontes.com\/index.php?rest_route=\/wp\/v2\/users\/4"}],"replies":[{"embeddable":true,"href":"https:\/\/2horizontes.com\/index.php?rest_route=%2Fwp%2Fv2%2Fcomments&post=62443"}],"version-history":[{"count":1,"href":"https:\/\/2horizontes.com\/index.php?rest_route=\/wp\/v2\/posts\/62443\/revisions"}],"predecessor-version":[{"id":62445,"href":"https:\/\/2horizontes.com\/index.php?rest_route=\/wp\/v2\/posts\/62443\/revisions\/62445"}],"wp:featuredmedia":[{"embeddable":true,"href":"https:\/\/2horizontes.com\/index.php?rest_route=\/wp\/v2\/media\/62444"}],"wp:attachment":[{"href":"https:\/\/2horizontes.com\/index.php?rest_route=%2Fwp%2Fv2%2Fmedia&parent=62443"}],"wp:term":[{"taxonomy":"category","embeddable":true,"href":"https:\/\/2horizontes.com\/index.php?rest_route=%2Fwp%2Fv2%2Fcategories&post=62443"},{"taxonomy":"post_tag","embeddable":true,"href":"https:\/\/2horizontes.com\/index.php?rest_route=%2Fwp%2Fv2%2Ftags&post=62443"}],"curies":[{"name":"wp","href":"https:\/\/api.w.org\/{rel}","templated":true}]}}