{"id":62428,"date":"2017-01-30T22:13:18","date_gmt":"2017-01-30T21:13:18","guid":{"rendered":"http:\/\/2horizontes.com\/?p=62428"},"modified":"2017-01-30T22:13:18","modified_gmt":"2017-01-30T21:13:18","slug":"ascienden-a-14-los-muertos-por-lluvias-e-inundaciones-en-peru","status":"publish","type":"post","link":"https:\/\/2horizontes.com\/?p=62428","title":{"rendered":"Ascienden a 14 los muertos por lluvias e inundaciones en Per\u00fa"},"content":{"rendered":"<p>Debido a los desbordes de r\u00edos, derrumbes e inundaciones, las viviendas y locales p\u00fablicos han colapsado o quedado inhabitables, los tramos de carreteras, caminos y puentes destruidos o muy afectados en nueve provincias del departamento de Lima, seis de Huancavelica y ocho de Arequipa, explica el informe de decretos presentado por el Consejo de Ministros.<\/p>\n<p>La declaratoria de emergencia permite que los ministerios desembolsen fondos y adopten medidas urgentes de rehabilitaci\u00f3n de infraestructura, atenci\u00f3n de la salud, debido a que la situaci\u00f3n \u201cha sobrepasado la capacidad de respuesta de los Gobiernos Regionales de Lima, Arequipa y de Huancavelica\u201d recoge el decreto.<\/p>\n<p>Ante el llamado de emergencia, el Ministerio de Salud tambi\u00e9n declar\u00f3 alerta amarilla a los establecimientos m\u00e9dicos estatales de todo el pa\u00eds para atender a las personas afectadas. SDiez de los 23 departamentos del pa\u00eds est\u00e1n afectados por las lluvias extremas y deslizamientos.<\/p>\n<p>Por su parte, el Servicio Nacional de Meteorolog\u00eda e Hidrolog\u00eda (Senamhi) advierte que las precipitaciones continuar\u00e1n hasta abril, sobre todo en las regiones de la sierra, la selva central y el sur del pa\u00eds.<\/p>\n<p>Reportes del Instituto Nacional de Defensa Civil (Indeci) confirmaron que tres de los fallecimientos se produjeron en la regi\u00f3n sure\u00f1a de Arequipa. Las fuertes lluvias ocasionaron el jueves el desplome de un hotel en Huancavelica, despu\u00e9s de que la crecida de las aguas afectara la ribera del r\u00edo en la que se hab\u00eda levantado.<\/p>\n<p>En los distritos de Santa Eulalia y Ricardo Palma, en la regi\u00f3n de Lima provincias, se report\u00f3 a una persona desaparecida y nueve heridos.<\/p>\n","protected":false},"excerpt":{"rendered":"<p>Debido a los desbordes de r\u00edos, derrumbes e inundaciones, las viviendas y locales p\u00fablicos han colapsado o quedado inhabitables, los tramos de carreteras, caminos y puentes destruidos o muy afectados en nueve provincias del departamento de Lima, seis de Huancavelica y ocho de Arequipa, explica el informe de decretos presentado por el Consejo de Ministros. [&hellip;]<\/p>\n","protected":false},"author":3,"featured_media":62429,"comment_status":"open","ping_status":"open","sticky":false,"template":"","format":"standard","meta":{"footnotes":""},"categories":[40],"tags":[],"class_list":["post-62428","post","type-post","status-publish","format-standard","has-post-thumbnail","hentry","category-internacionales"],"_links":{"self":[{"href":"https:\/\/2horizontes.com\/index.php?rest_route=\/wp\/v2\/posts\/62428","targetHints":{"allow":["GET"]}}],"collection":[{"href":"https:\/\/2horizontes.com\/index.php?rest_route=\/wp\/v2\/posts"}],"about":[{"href":"https:\/\/2horizontes.com\/index.php?rest_route=\/wp\/v2\/types\/post"}],"author":[{"embeddable":true,"href":"https:\/\/2horizontes.com\/index.php?rest_route=\/wp\/v2\/users\/3"}],"replies":[{"embeddable":true,"href":"https:\/\/2horizontes.com\/index.php?rest_route=%2Fwp%2Fv2%2Fcomments&post=62428"}],"version-history":[{"count":1,"href":"https:\/\/2horizontes.com\/index.php?rest_route=\/wp\/v2\/posts\/62428\/revisions"}],"predecessor-version":[{"id":62430,"href":"https:\/\/2horizontes.com\/index.php?rest_route=\/wp\/v2\/posts\/62428\/revisions\/62430"}],"wp:featuredmedia":[{"embeddable":true,"href":"https:\/\/2horizontes.com\/index.php?rest_route=\/wp\/v2\/media\/62429"}],"wp:attachment":[{"href":"https:\/\/2horizontes.com\/index.php?rest_route=%2Fwp%2Fv2%2Fmedia&parent=62428"}],"wp:term":[{"taxonomy":"category","embeddable":true,"href":"https:\/\/2horizontes.com\/index.php?rest_route=%2Fwp%2Fv2%2Fcategories&post=62428"},{"taxonomy":"post_tag","embeddable":true,"href":"https:\/\/2horizontes.com\/index.php?rest_route=%2Fwp%2Fv2%2Ftags&post=62428"}],"curies":[{"name":"wp","href":"https:\/\/api.w.org\/{rel}","templated":true}]}}