{"id":62419,"date":"2017-01-30T11:52:41","date_gmt":"2017-01-30T10:52:41","guid":{"rendered":"http:\/\/2horizontes.com\/?p=62419"},"modified":"2017-01-30T11:52:41","modified_gmt":"2017-01-30T10:52:41","slug":"peligran-algunos-jugadores-de-la-nba-por-decreto-de-inmigracion-de-trump","status":"publish","type":"post","link":"https:\/\/2horizontes.com\/?p=62419","title":{"rendered":"Peligran algunos jugadores de la NBA por decreto de inmigraci\u00f3n de Trump"},"content":{"rendered":"<p>La NBA ha contactado con las autoridades estadounidenses para analizar el posible impacto en la liga del decreto sobre inmigraci\u00f3n aprobado el viernes por el presidente del pa\u00eds, Donald Trump.<\/p>\n<p>\u201dHemos contactado con el Departamento de Estado y estamos en proceso de recabar informaci\u00f3n para entender c\u00f3mo esta orden ejecutiva se aplicar\u00eda a jugadores de nuestra liga que son de uno de los pa\u00edses afectados\u201d, se\u00f1al\u00f3 en un comunicado emitido a \u00faltima hora del s\u00e1bado el portavoz Mike Bass.<\/p>\n<p>El portavoz record\u00f3 que la NBA es una competici\u00f3n \u201cglobal\u201d y dijo que est\u00e1 \u201corgullosa de atraer a los mejores jugadores de todo el mundo\u201d.<\/p>\n<p>La NBA ha puesto manos a la obra para proteger a sus jugadores<\/p>\n<p>Dos jugadores de la liga -Thon Maker, de los Milwaukee Bucks, y Luol Deng, de Los Angeles Lakers- son originarios de Sud\u00e1n, uno de los siete pa\u00edses afectados por las medidas de la Casa Blanca.<\/p>\n<p>Maker jug\u00f3 en la noche del viernes en la ciudad canadiense de Toronto y pudo regresar a EE.UU. sin incidentes aunque ese d\u00eda comenz\u00f3 a aplicarse ya la orden ejecutiva, seg\u00fan inform\u00f3 su equipo.<\/p>\n<p>Adem\u00e1s de jugadores potencialmente afectados, la liga mantiene un programa llamado Baloncesto Sin Fronteras, que identifica talentos en el extranjero y que ha facilitado por ejemplo a j\u00f3venes sudaneses permisos para jugar en institutos y universidades de EE.UU.<\/p>\n<p>Thon Maker y Luol Deng, elementos de los Bucks y los Lakers respectivamente y de nacionalidad sudanesa pod\u00edan verse afectados por el decreto<\/p>\n","protected":false},"excerpt":{"rendered":"<p>La NBA ha contactado con las autoridades estadounidenses para analizar el posible impacto en la liga del decreto sobre inmigraci\u00f3n aprobado el viernes por el presidente del pa\u00eds, Donald Trump. \u201dHemos contactado con el Departamento de Estado y estamos en proceso de recabar informaci\u00f3n para entender c\u00f3mo esta orden ejecutiva se aplicar\u00eda a jugadores de [&hellip;]<\/p>\n","protected":false},"author":3,"featured_media":62420,"comment_status":"open","ping_status":"open","sticky":false,"template":"","format":"standard","meta":{"footnotes":""},"categories":[42,40,43],"tags":[],"class_list":["post-62419","post","type-post","status-publish","format-standard","has-post-thumbnail","hentry","category-deportes","category-internacionales","category-politica"],"_links":{"self":[{"href":"https:\/\/2horizontes.com\/index.php?rest_route=\/wp\/v2\/posts\/62419","targetHints":{"allow":["GET"]}}],"collection":[{"href":"https:\/\/2horizontes.com\/index.php?rest_route=\/wp\/v2\/posts"}],"about":[{"href":"https:\/\/2horizontes.com\/index.php?rest_route=\/wp\/v2\/types\/post"}],"author":[{"embeddable":true,"href":"https:\/\/2horizontes.com\/index.php?rest_route=\/wp\/v2\/users\/3"}],"replies":[{"embeddable":true,"href":"https:\/\/2horizontes.com\/index.php?rest_route=%2Fwp%2Fv2%2Fcomments&post=62419"}],"version-history":[{"count":1,"href":"https:\/\/2horizontes.com\/index.php?rest_route=\/wp\/v2\/posts\/62419\/revisions"}],"predecessor-version":[{"id":62421,"href":"https:\/\/2horizontes.com\/index.php?rest_route=\/wp\/v2\/posts\/62419\/revisions\/62421"}],"wp:featuredmedia":[{"embeddable":true,"href":"https:\/\/2horizontes.com\/index.php?rest_route=\/wp\/v2\/media\/62420"}],"wp:attachment":[{"href":"https:\/\/2horizontes.com\/index.php?rest_route=%2Fwp%2Fv2%2Fmedia&parent=62419"}],"wp:term":[{"taxonomy":"category","embeddable":true,"href":"https:\/\/2horizontes.com\/index.php?rest_route=%2Fwp%2Fv2%2Fcategories&post=62419"},{"taxonomy":"post_tag","embeddable":true,"href":"https:\/\/2horizontes.com\/index.php?rest_route=%2Fwp%2Fv2%2Ftags&post=62419"}],"curies":[{"name":"wp","href":"https:\/\/api.w.org\/{rel}","templated":true}]}}