{"id":6238,"date":"2015-05-07T20:10:28","date_gmt":"2015-05-07T19:10:28","guid":{"rendered":"http:\/\/2horizontes.com\/?p=6238"},"modified":"2015-05-07T20:10:28","modified_gmt":"2015-05-07T19:10:28","slug":"sofia-vergara-y-su-estrella-en-el-paseo-de-la-fama","status":"publish","type":"post","link":"https:\/\/2horizontes.com\/?p=6238","title":{"rendered":"Sof\u00eda Vergara y su estrella en el Paseo de la Fama"},"content":{"rendered":"<p>Cuando faltan solo horas para que\u00a0<strong>Sof\u00eda Vergara<\/strong>\u00a0cumpla uno m\u00e1s de sus sue\u00f1os, recibir\u00a0una estrella en el Paseo de la Fama\u00a0de Hollywood, la colombiana se confiesa emocionada por este reconocimiento.<\/p>\n<p>\u00abRecibir esta estrella justo cuando cumplo 25 a\u00f1os de carrera es un sue\u00f1o como de pel\u00edcula&#8230;yo no puedo estar m\u00e1s agradecida con la vida y con Dios\u201d, coment\u00f3 la guapa actriz en exclusiva a\u00a0<em>People en Espa\u00f1ol<\/em>.<\/p>\n<p>Vergara tambi\u00e9n expres\u00f3 que las vivencias que ha tenido durante este recorrido a la cima son muy valiosas para ella.<\/p>\n<p>\u201cEl camino de Barranquilla a Hollywood no ha sido f\u00e1cil, pero s\u00ed muy divertido, una locura que no cambiar\u00eda por nada del mundo\u201d, apunt\u00f3\u00a0la prometida\u00a0de\u00a0<strong>Joe Manganiello<\/strong>.<\/p>\n<p>Sof\u00eda ya tiene preparada una lista de nombres a quienes agradecer al recibir su estrella.<\/p>\n<p>\u201cLe quiero dar gracias a mi hijo\u00a0<strong>Manolo<\/strong>, a mi equipo de trabajo en LatinWE, a mi familia, a mi familia de\u00a0<em>Modern Family<\/em>\u00a0y por supuesto al p\u00fablico, a la prensa \u00a0y a esos \u00a0fans que han sido tan divinos conmigo. Esta estrella espectacular se la dedico a Colombia, a mi gente, no es m\u00eda es de Colombia\u201d.<\/p>\n<p>Adem\u00e1s de continuar con la cadena ABC, la actriz\u00a0estrena este viernes\u00a0su pel\u00edcula\u00a0<em>Hot Pursuit<\/em>, que protagoniza junto a\u00a0<strong>Reese Witherspoon,\u00a0<\/strong>ha sido nominada al premio de\u00a0Consumer\u2019s Choice Award\u00a0por\u00a0su perfume, \u00fanica fragancia de un artista hispano en la lista, y compite\u00a0en la categor\u00eda de \u201cActriz que se roba la pantalla\u00bb\u00a0en\u00a0Premios Juventud.<\/p>\n<p>\u00a1Enhorabuena Sof\u00eda Vergara!<\/p>\n<div class=\"storify\"><\/div>\n<p>&nbsp;<\/p>\n","protected":false},"excerpt":{"rendered":"<p>Cuando faltan solo horas para que\u00a0Sof\u00eda Vergara\u00a0cumpla uno m\u00e1s de sus sue\u00f1os, recibir\u00a0una estrella en el Paseo de la Fama\u00a0de Hollywood, la colombiana se confiesa emocionada por este reconocimiento. \u00abRecibir esta estrella justo cuando cumplo 25 a\u00f1os de carrera es un sue\u00f1o como de pel\u00edcula&#8230;yo no puedo estar m\u00e1s agradecida con la vida y con [&hellip;]<\/p>\n","protected":false},"author":3,"featured_media":6239,"comment_status":"open","ping_status":"open","sticky":false,"template":"","format":"standard","meta":{"footnotes":""},"categories":[1],"tags":[],"class_list":["post-6238","post","type-post","status-publish","format-standard","has-post-thumbnail","hentry","category-entretenimiento"],"_links":{"self":[{"href":"https:\/\/2horizontes.com\/index.php?rest_route=\/wp\/v2\/posts\/6238","targetHints":{"allow":["GET"]}}],"collection":[{"href":"https:\/\/2horizontes.com\/index.php?rest_route=\/wp\/v2\/posts"}],"about":[{"href":"https:\/\/2horizontes.com\/index.php?rest_route=\/wp\/v2\/types\/post"}],"author":[{"embeddable":true,"href":"https:\/\/2horizontes.com\/index.php?rest_route=\/wp\/v2\/users\/3"}],"replies":[{"embeddable":true,"href":"https:\/\/2horizontes.com\/index.php?rest_route=%2Fwp%2Fv2%2Fcomments&post=6238"}],"version-history":[{"count":1,"href":"https:\/\/2horizontes.com\/index.php?rest_route=\/wp\/v2\/posts\/6238\/revisions"}],"predecessor-version":[{"id":6240,"href":"https:\/\/2horizontes.com\/index.php?rest_route=\/wp\/v2\/posts\/6238\/revisions\/6240"}],"wp:featuredmedia":[{"embeddable":true,"href":"https:\/\/2horizontes.com\/index.php?rest_route=\/wp\/v2\/media\/6239"}],"wp:attachment":[{"href":"https:\/\/2horizontes.com\/index.php?rest_route=%2Fwp%2Fv2%2Fmedia&parent=6238"}],"wp:term":[{"taxonomy":"category","embeddable":true,"href":"https:\/\/2horizontes.com\/index.php?rest_route=%2Fwp%2Fv2%2Fcategories&post=6238"},{"taxonomy":"post_tag","embeddable":true,"href":"https:\/\/2horizontes.com\/index.php?rest_route=%2Fwp%2Fv2%2Ftags&post=6238"}],"curies":[{"name":"wp","href":"https:\/\/api.w.org\/{rel}","templated":true}]}}