{"id":62364,"date":"2017-01-27T11:56:29","date_gmt":"2017-01-27T10:56:29","guid":{"rendered":"http:\/\/2horizontes.com\/?p=62364"},"modified":"2017-01-27T11:56:29","modified_gmt":"2017-01-27T10:56:29","slug":"oposicion-venezolana-no-volvera-a-la-mesa-de-dialogo-con-el-gobierno","status":"publish","type":"post","link":"https:\/\/2horizontes.com\/?p=62364","title":{"rendered":"Oposici\u00f3n venezolana no volver\u00e1 a la mesa de di\u00e1logo con el Gobierno"},"content":{"rendered":"<p>A trav\u00e9s de un breve documento publicado esta semana, la coalici\u00f3n pol\u00edtica opositora reunida en la Mesa de la Unidad Democr\u00e1tica (MUD) hizo oficial su retiro de la \u201cmesa de di\u00e1logo\u201d que instal\u00f3 junto al gobierno del presidente Nicol\u00e1s Maduro, en octubre del a\u00f1o pasado y que cont\u00f3 con el apoyo del Papa, la Unasur y los expresidentes Jos\u00e9 Luis Rodr\u00edguez Zapatero, \u00d3mar Torrijos y Leonel Fern\u00e1ndez. (Le puede interesar: Opositores presos en Venezuela, en huelga de hambre por su libertad)<\/p>\n<p>El retiro no cae por sorpresa, pues en diciembre el liderazgo opositor se\u00f1al\u00f3 su intenci\u00f3n de levantarse de la mesa ante el no cumplimiento de los compromisos adquiridos por parte del Gobierno \u2013advertido por el propio Vaticano\u2013 pero lo deja diezmado y en el limbo ya que tampoco logr\u00f3 un cronograma electoral o la liberaci\u00f3n de los presos pol\u00edticos, establecidos como \u201cpuntos de honor\u201d por la MUD.<\/p>\n<p>Adem\u00e1s, hizo crecer el escepticismo entre sus seguidores, cuya mayor\u00eda estima que al acceder a un di\u00e1logo para el que suspendi\u00f3 las protestas y otras t\u00e1cticas de presi\u00f3n, la MUD actu\u00f3 ingenuamente, abandon\u00f3 el refer\u00e9ndum revocatorio presidencial y le regal\u00f3 al gobierno de Maduro el tiempo necesario para llegar sin rasgu\u00f1os al emblem\u00e1tico 10 de enero del 2017.<\/p>\n<p>Este fecha marca el cuarto a\u00f1o de mandato de Nicol\u00e1s Maduro e implica, seg\u00fan la Constituci\u00f3n, que ante alguna posibilidad de su falta absoluta \u2013como el revocatorio o el abandono de cargo\u2013 su periodo lo finaliza autom\u00e1ticamente el Vicepresidente. Antes de esa fecha la Carta Magna venezolana establece que debe haber elecciones presidenciales en 30 d\u00edas, lo que pod\u00eda implicar un cambio de Gobierno.<\/p>\n<p>Pero con esa opci\u00f3n descartada y la suspensi\u00f3n de las elecciones regionales que debieron realizarse el a\u00f1o pasado por mandato constitucional, la MUD intenta lidiar con el agotamiento de sus bases.<\/p>\n<p>Jes\u00fas \u2018Ch\u00fao\u2019 Torrealba, secretario general de la MUD, ha tratado de componer a la coalici\u00f3n frente a sus seguidores, asegurando que el di\u00e1logo sirvi\u00f3 \u201cpara que el mundo supiera que este es un r\u00e9gimen desp\u00f3tico\u201d, aunque en el documento que sepulta su participaci\u00f3n en el di\u00e1logo la propia MUD reconoce que el \u201cexperimento\u201d estuvo \u201cmal planteado desde el principio, al carecer de mecanismos para la verificaci\u00f3n y garant\u00eda del cumplimiento de los acuerdos\u201d.<\/p>\n","protected":false},"excerpt":{"rendered":"<p>A trav\u00e9s de un breve documento publicado esta semana, la coalici\u00f3n pol\u00edtica opositora reunida en la Mesa de la Unidad Democr\u00e1tica (MUD) hizo oficial su retiro de la \u201cmesa de di\u00e1logo\u201d que instal\u00f3 junto al gobierno del presidente Nicol\u00e1s Maduro, en octubre del a\u00f1o pasado y que cont\u00f3 con el apoyo del Papa, la Unasur [&hellip;]<\/p>\n","protected":false},"author":3,"featured_media":62365,"comment_status":"open","ping_status":"open","sticky":false,"template":"","format":"standard","meta":{"footnotes":""},"categories":[40,43,48],"tags":[],"class_list":["post-62364","post","type-post","status-publish","format-standard","has-post-thumbnail","hentry","category-internacionales","category-politica","category-venezuela"],"_links":{"self":[{"href":"https:\/\/2horizontes.com\/index.php?rest_route=\/wp\/v2\/posts\/62364","targetHints":{"allow":["GET"]}}],"collection":[{"href":"https:\/\/2horizontes.com\/index.php?rest_route=\/wp\/v2\/posts"}],"about":[{"href":"https:\/\/2horizontes.com\/index.php?rest_route=\/wp\/v2\/types\/post"}],"author":[{"embeddable":true,"href":"https:\/\/2horizontes.com\/index.php?rest_route=\/wp\/v2\/users\/3"}],"replies":[{"embeddable":true,"href":"https:\/\/2horizontes.com\/index.php?rest_route=%2Fwp%2Fv2%2Fcomments&post=62364"}],"version-history":[{"count":1,"href":"https:\/\/2horizontes.com\/index.php?rest_route=\/wp\/v2\/posts\/62364\/revisions"}],"predecessor-version":[{"id":62366,"href":"https:\/\/2horizontes.com\/index.php?rest_route=\/wp\/v2\/posts\/62364\/revisions\/62366"}],"wp:featuredmedia":[{"embeddable":true,"href":"https:\/\/2horizontes.com\/index.php?rest_route=\/wp\/v2\/media\/62365"}],"wp:attachment":[{"href":"https:\/\/2horizontes.com\/index.php?rest_route=%2Fwp%2Fv2%2Fmedia&parent=62364"}],"wp:term":[{"taxonomy":"category","embeddable":true,"href":"https:\/\/2horizontes.com\/index.php?rest_route=%2Fwp%2Fv2%2Fcategories&post=62364"},{"taxonomy":"post_tag","embeddable":true,"href":"https:\/\/2horizontes.com\/index.php?rest_route=%2Fwp%2Fv2%2Ftags&post=62364"}],"curies":[{"name":"wp","href":"https:\/\/api.w.org\/{rel}","templated":true}]}}