{"id":62315,"date":"2017-01-26T18:30:10","date_gmt":"2017-01-26T17:30:10","guid":{"rendered":"http:\/\/2horizontes.com\/?p=62315"},"modified":"2017-01-26T18:30:10","modified_gmt":"2017-01-26T17:30:10","slug":"el-presidente-de-mexico-enrique-pena-nieto-anuncia-que-no-acudira-a-reunirse-con-el-mandatario-estadounidense-donald-trump","status":"publish","type":"post","link":"https:\/\/2horizontes.com\/?p=62315","title":{"rendered":"El presidente de M\u00e9xico, Enrique Pe\u00f1a Nieto, anuncia que no acudir\u00e1 a reunirse con el mandatario estadounidense, Donald Trump"},"content":{"rendered":"<p class=\"story-body__introduction\">El presidente de M\u00e9xico, Enrique Pe\u00f1a Nieto, anunci\u00f3 este jueves que no acudir\u00e1 a reunirse con su hom\u00f3logo estadounidense, Donald Trump.<\/p>\n<p>Ambos mandatarios ten\u00edan previsto un encuentro para el pr\u00f3ximo 31 de enero.<\/p>\n<p>La decisi\u00f3n de Pe\u00f1a Nieto se produce un d\u00eda despu\u00e9s de que Trump firmara la orden ejecutiva para autorizar la construcci\u00f3n de un muro en la frontera con M\u00e9xico.<\/p>\n<p>\u00abEsta ma\u00f1ana hemos informado a la Casa Blanca que no asistir\u00e9 a la reuni\u00f3n de trabajo programada para el pr\u00f3ximo martes con el @POTUS\u00bb, dijo el mandatario mexicano en su cuenta de Twitter este jueves en la ma\u00f1ana.<\/p>\n<p>\u00abM\u00e9xico reitera su voluntad de trabajar con los Estados Unidos para lograr acuerdos en favor de ambas naciones\u00bb, agreg\u00f3 en otro mensaje.<\/p>\n<h2 class=\"story-body__crosshead\">Pol\u00e9mico muro<\/h2>\n<p>El mi\u00e9rcoles Trump firm\u00f3 una orden ejecutiva autorizando la construcci\u00f3n de un muro que cubra toda la frontera de Estados Unidos con M\u00e9xico, con lo que cumpl\u00eda con una de sus principales y m\u00e1s pol\u00e9micas promesas de campa\u00f1a.<\/p>\n<p>Ese mismo d\u00eda, en una entrevista con la cadena ABC, Trump reiter\u00f3 su intenci\u00f3n de hacer que M\u00e9xico pague por la construcci\u00f3n del muro, algo que Pe\u00f1a Nieto hab\u00eda rechazado en numerosas ocasiones.<\/p>\n<p>\u00abTodo se nos reembolsar\u00e1 en una fecha posterior con cualquier transacci\u00f3n que hagamos con M\u00e9xico. S\u00f3lo le digo que habr\u00e1 un pago, que suceder\u00e1 de alguna forma, quiz\u00e1s una forma complicada\u00bb, dijo el mandatario en su primera entrevista desde que lleg\u00f3 a la Casa Blanca.<\/p>\n<p>\u00abM\u00e9xico no cree en los muros. Lo he dicho una y otra vez: M\u00e9xico no pagar\u00e1 ning\u00fan muro\u00bb, replic\u00f3 Pe\u00f1a Nieto la noche del mi\u00e9rcoles en un mensaje de video grabado para responder a la orden ejecutiva emitida por Trump.<\/p>\n<p>\u00abM\u00e9xico exige y ofrece respeto, como naci\u00f3n soberana que somos\u00bb, agreg\u00f3.<\/p>\n<p>En ese mensaje, sin embargo, Pe\u00f1a Nieto no respond\u00eda a la duda que se hab\u00eda generado en torno a si asistir\u00eda o no a la reuni\u00f3n bilateral que ten\u00eda previsto sostener con Trump el pr\u00f3ximo 31 de enero.<\/p>\n<p>Dijo que decidir\u00eda \u00ablos pasos a seguir\u00bb despu\u00e9s de consultar con el Senado, los gobernadores de los estados y el informe final de los secretarios de Relaciones Exteriores, Luis Videgaray, y de Econom\u00eda Ildefonso Guajuardo.<\/p>\n<p>Estos dos altos funcionarios se hab\u00edan reunido durante ocho horas en la Casa Blanca con miembros del equipo de Trump, con miras a preparar el encuentro entre ambos mandatarios.<\/p>\n<p>Sin embargo, este jueves en la ma\u00f1ana, Trump respondi\u00f3 al video de Pe\u00f1a Nieto con un mensaje en Twitter.<\/p>\n<p>\u00abSi M\u00e9xico no est\u00e1 dispuesto a pagar por el tan necesario muro, entonces ser\u00eda mejor cancelar la reuni\u00f3n prevista\u00bb, escribi\u00f3 el presidente estadounidense.<\/p>\n<p>\u00abEstados Unidos tiene un d\u00e9ficit comercila de US$60.000 millones con M\u00e9xico. Ha habido un acuerdo que beneficia a una sola parte desde el inicio del NAFTA con gran n\u00famero de empleos y empresas perdidas\u00bb, agreg\u00f3.<\/p>\n<p>Pe\u00f1a Nieto parece haberle tomado la palabra.<\/p>\n<p><i>M\u00e1s informaci\u00f3n en breve.<\/i><\/p>\n","protected":false},"excerpt":{"rendered":"<p>El presidente de M\u00e9xico, Enrique Pe\u00f1a Nieto, anunci\u00f3 este jueves que no acudir\u00e1 a reunirse con su hom\u00f3logo estadounidense, Donald Trump. Ambos mandatarios ten\u00edan previsto un encuentro para el pr\u00f3ximo 31 de enero. La decisi\u00f3n de Pe\u00f1a Nieto se produce un d\u00eda despu\u00e9s de que Trump firmara la orden ejecutiva para autorizar la construcci\u00f3n de [&hellip;]<\/p>\n","protected":false},"author":4,"featured_media":62316,"comment_status":"open","ping_status":"open","sticky":false,"template":"","format":"standard","meta":{"footnotes":""},"categories":[40,43],"tags":[],"class_list":["post-62315","post","type-post","status-publish","format-standard","has-post-thumbnail","hentry","category-internacionales","category-politica"],"_links":{"self":[{"href":"https:\/\/2horizontes.com\/index.php?rest_route=\/wp\/v2\/posts\/62315","targetHints":{"allow":["GET"]}}],"collection":[{"href":"https:\/\/2horizontes.com\/index.php?rest_route=\/wp\/v2\/posts"}],"about":[{"href":"https:\/\/2horizontes.com\/index.php?rest_route=\/wp\/v2\/types\/post"}],"author":[{"embeddable":true,"href":"https:\/\/2horizontes.com\/index.php?rest_route=\/wp\/v2\/users\/4"}],"replies":[{"embeddable":true,"href":"https:\/\/2horizontes.com\/index.php?rest_route=%2Fwp%2Fv2%2Fcomments&post=62315"}],"version-history":[{"count":1,"href":"https:\/\/2horizontes.com\/index.php?rest_route=\/wp\/v2\/posts\/62315\/revisions"}],"predecessor-version":[{"id":62317,"href":"https:\/\/2horizontes.com\/index.php?rest_route=\/wp\/v2\/posts\/62315\/revisions\/62317"}],"wp:featuredmedia":[{"embeddable":true,"href":"https:\/\/2horizontes.com\/index.php?rest_route=\/wp\/v2\/media\/62316"}],"wp:attachment":[{"href":"https:\/\/2horizontes.com\/index.php?rest_route=%2Fwp%2Fv2%2Fmedia&parent=62315"}],"wp:term":[{"taxonomy":"category","embeddable":true,"href":"https:\/\/2horizontes.com\/index.php?rest_route=%2Fwp%2Fv2%2Fcategories&post=62315"},{"taxonomy":"post_tag","embeddable":true,"href":"https:\/\/2horizontes.com\/index.php?rest_route=%2Fwp%2Fv2%2Ftags&post=62315"}],"curies":[{"name":"wp","href":"https:\/\/api.w.org\/{rel}","templated":true}]}}