{"id":62286,"date":"2017-01-26T12:27:23","date_gmt":"2017-01-26T11:27:23","guid":{"rendered":"http:\/\/2horizontes.com\/?p=62286"},"modified":"2017-01-26T12:27:23","modified_gmt":"2017-01-26T11:27:23","slug":"senadores-mexicanos-piden-a-pena-nieto-que-cancele-su-reunion-con-trump","status":"publish","type":"post","link":"https:\/\/2horizontes.com\/?p=62286","title":{"rendered":"Senadores mexicanos piden a Pe\u00f1a Nieto que cancele su reuni\u00f3n con Trump"},"content":{"rendered":"<p>Senadores mexicanos pidieron hoy al presidente Enrique Pe\u00f1a Nieto que no se re\u00fana el 31 de enero con su hom\u00f3logo estadounidense, Donald Trump, despu\u00e9s de que \u00e9ste firmara una orden ejecutiva para destinar fondos federales a la construcci\u00f3n del muro en la frontera entre ambos pa\u00edses. Sin embargo, el canciller de M\u00e9xico, Luis Videgaray, afirm\u00f3 que la reuni\u00f3n de Pe\u00f1a Nieto con Trump sigue en pie pese a las demandas de cancelaci\u00f3n por parte de pol\u00edticos mexicanos.<\/p>\n<p>El senador del izquierdista Partido de la Revoluci\u00f3n Democr\u00e1tica (PRD) Armando R\u00edos Piter inst\u00f3 al Ejecutivo a cancelar \u00abde inmediato\u00bb la visita a la Casa Blanca, la segunda que mantendr\u00e1 el republicano con un mandatario extranjero despu\u00e9s de la que llevar\u00e1 a cabo este viernes la primera ministra brit\u00e1nica, Theresa May.<\/p>\n<p>Para el legislador, \u00abacciones hostiles\u00bb de Washington como la construcci\u00f3n del muro significan que \u00ablos Estados Unidos no requieren ning\u00fan tipo de colaboraci\u00f3n por parte nuestra\u00bb, seg\u00fan un comunicado de la C\u00e1mara alta.<\/p>\n<p>Agreg\u00f3 que tampoco hay \u00abcondiciones para abrir una renegociaci\u00f3n del Tratado de Libre Comercio (de Am\u00e9rica del Norte, TLCAN)\u00bb, como pretende el presidente estadounidense, quien considera que este da\u00f1a los intereses de su pa\u00eds. En relaci\u00f3n con la visita de hoy de los ministros mexicanos de Exteriores, Luis Videgaray, y de Econom\u00eda, Ildefonso Guajardo, a Washington, R\u00edos Piter consider\u00f3 que \u00abhabr\u00eda que dejar claro que no hay condiciones en este momento para hablar de nada\u00bb.<\/p>\n","protected":false},"excerpt":{"rendered":"<p>Senadores mexicanos pidieron hoy al presidente Enrique Pe\u00f1a Nieto que no se re\u00fana el 31 de enero con su hom\u00f3logo estadounidense, Donald Trump, despu\u00e9s de que \u00e9ste firmara una orden ejecutiva para destinar fondos federales a la construcci\u00f3n del muro en la frontera entre ambos pa\u00edses. Sin embargo, el canciller de M\u00e9xico, Luis Videgaray, afirm\u00f3 [&hellip;]<\/p>\n","protected":false},"author":3,"featured_media":62287,"comment_status":"open","ping_status":"open","sticky":false,"template":"","format":"standard","meta":{"footnotes":""},"categories":[40,43],"tags":[],"class_list":["post-62286","post","type-post","status-publish","format-standard","has-post-thumbnail","hentry","category-internacionales","category-politica"],"_links":{"self":[{"href":"https:\/\/2horizontes.com\/index.php?rest_route=\/wp\/v2\/posts\/62286","targetHints":{"allow":["GET"]}}],"collection":[{"href":"https:\/\/2horizontes.com\/index.php?rest_route=\/wp\/v2\/posts"}],"about":[{"href":"https:\/\/2horizontes.com\/index.php?rest_route=\/wp\/v2\/types\/post"}],"author":[{"embeddable":true,"href":"https:\/\/2horizontes.com\/index.php?rest_route=\/wp\/v2\/users\/3"}],"replies":[{"embeddable":true,"href":"https:\/\/2horizontes.com\/index.php?rest_route=%2Fwp%2Fv2%2Fcomments&post=62286"}],"version-history":[{"count":1,"href":"https:\/\/2horizontes.com\/index.php?rest_route=\/wp\/v2\/posts\/62286\/revisions"}],"predecessor-version":[{"id":62288,"href":"https:\/\/2horizontes.com\/index.php?rest_route=\/wp\/v2\/posts\/62286\/revisions\/62288"}],"wp:featuredmedia":[{"embeddable":true,"href":"https:\/\/2horizontes.com\/index.php?rest_route=\/wp\/v2\/media\/62287"}],"wp:attachment":[{"href":"https:\/\/2horizontes.com\/index.php?rest_route=%2Fwp%2Fv2%2Fmedia&parent=62286"}],"wp:term":[{"taxonomy":"category","embeddable":true,"href":"https:\/\/2horizontes.com\/index.php?rest_route=%2Fwp%2Fv2%2Fcategories&post=62286"},{"taxonomy":"post_tag","embeddable":true,"href":"https:\/\/2horizontes.com\/index.php?rest_route=%2Fwp%2Fv2%2Ftags&post=62286"}],"curies":[{"name":"wp","href":"https:\/\/api.w.org\/{rel}","templated":true}]}}