{"id":62280,"date":"2017-01-26T12:22:46","date_gmt":"2017-01-26T11:22:46","guid":{"rendered":"http:\/\/2horizontes.com\/?p=62280"},"modified":"2017-01-26T12:22:46","modified_gmt":"2017-01-26T11:22:46","slug":"denuncian-la-tercera-agresion-de-caracter-homofobico-en-madrid-en-lo-que-va-de-ano","status":"publish","type":"post","link":"https:\/\/2horizontes.com\/?p=62280","title":{"rendered":"Denuncian la tercera agresi\u00f3n de car\u00e1cter homof\u00f3bico en Madrid en lo que va de a\u00f1o"},"content":{"rendered":"<p>J.A. de 23 a\u00f1os, es v\u00edctima de la que es la tercera agresi\u00f3n de car\u00e1cter homof\u00f3bica registrada en Madrid en lo que va de a\u00f1o, hacia las 4:00 de la madrugada del s\u00e1bado, 14 de enero, cuando vuelve a casa junto a un grupo de amigos por la calle Cedaceros, muy cercana a Sol y al barrio de chueca, cuando dos j\u00f3venes comienzan a increparles al grito de \u00abmaricones\u00bb.<\/p>\n<p>Ante la provocaci\u00f3n, J.A. decide plantarles cara y se dirige a ellos para recriminarles su actitud cuando, sin mediar palabra, uno de ellos se dirige a \u00e9l y le propina una patada que le hace caer al suelo. Antes de poder levantarse, el mismo agresor le da un pu\u00f1etazo en el ojo, dej\u00e1ndole inconsciente durante unos momentos.<\/p>\n<p>Cuando J.A. se recupera, consigue avistar un coche de Polic\u00eda Municipal que procede a identificar a los agresores, para, a continuaci\u00f3n,acudir a la Cl\u00ednica Jim\u00e9nez D\u00edaz para ser atendido por la agresi\u00f3n.<\/p>\n<p>La tarde siguiente J.A. interpone una denuncia ante la Polic\u00eda Nacional y acude al Observatorio, donde se le ofrece ayuda psicol\u00f3gica, acompa\u00f1amiento y asesor\u00eda jur\u00eddica. Desde el Observatorio han puesto en conocimiento de la Fiscal\u00eda de Delitos de Odio y del Comisario de Polic\u00eda Nacional especializado en Delitos de Odio esta denuncia para su tratamiento.<\/p>\n<p>La lacra de la agresiones al colectivo LGTB no va a desaparecer de la noche a la ma\u00f1ana. Necesitamos la implicaci\u00f3n de las instituciones, no solo en cuestiones de seguridad sino tambi\u00e9n implicaci\u00f3n institucional para la formaci\u00f3n y la sensibilizaci\u00f3n social\u00bb, declara Yago Blanco, coordinador de Arc\u00f3poli.<\/p>\n<p>Con esta, ya son 3 las agresiones al colectivo LGBT contabilizadas desde el Observatorio Madrile\u00f1o contra la homofobia, la transfobia y la bifobia en lo que va de a\u00f1o, llegando a contabilizarse hasta 239 agresiones por LGTBfobia en la Comunidad de Madrid en 2016.<\/p>\n<p>Lo que entendemos como un repunte es, en realidad, un aumento de la visibilidad\u00bb, respond\u00eda Javier Barbero, de Ahora Madrid, cuando se le preguntaba por el repunte de agresiones registrados el a\u00f1o pasado en la Comunidad de Madrid.<\/p>\n<p>Un punto de vista compartido por los portavoces de PSOE y Ciudadanos, mientras que el PP consideraba que se produc\u00edan como consecuencia de la crisis.<\/p>\n<p>El agredido suele serlo en el fin de semana, cuando vuelve de marcha, gente joven y en las cercan\u00edas de Chueca: plaza de Espa\u00f1a, de Cibeles, red de San Luis, Callao, Col\u00f3n o Tribunal. Y los agresores son chicos espa\u00f1oles menores de 25 a\u00f1os que deciden hacer la gracieta que hac\u00edan en el colegio y que la hacen ahora, con esa impunidad que ten\u00edan en el instituto porque nadie les dec\u00eda nada\u00bb, defend\u00eda Rub\u00e9n L\u00f3pez, del Observatorio, un an\u00e1lisis que parece responder a la agresi\u00f3n sufrida por J.A.<\/p>\n","protected":false},"excerpt":{"rendered":"<p>J.A. de 23 a\u00f1os, es v\u00edctima de la que es la tercera agresi\u00f3n de car\u00e1cter homof\u00f3bica registrada en Madrid en lo que va de a\u00f1o, hacia las 4:00 de la madrugada del s\u00e1bado, 14 de enero, cuando vuelve a casa junto a un grupo de amigos por la calle Cedaceros, muy cercana a Sol y [&hellip;]<\/p>\n","protected":false},"author":3,"featured_media":62281,"comment_status":"open","ping_status":"open","sticky":false,"template":"","format":"standard","meta":{"footnotes":""},"categories":[85,57],"tags":[],"class_list":["post-62280","post","type-post","status-publish","format-standard","has-post-thumbnail","hentry","category-espana","category-mundo-gay"],"_links":{"self":[{"href":"https:\/\/2horizontes.com\/index.php?rest_route=\/wp\/v2\/posts\/62280","targetHints":{"allow":["GET"]}}],"collection":[{"href":"https:\/\/2horizontes.com\/index.php?rest_route=\/wp\/v2\/posts"}],"about":[{"href":"https:\/\/2horizontes.com\/index.php?rest_route=\/wp\/v2\/types\/post"}],"author":[{"embeddable":true,"href":"https:\/\/2horizontes.com\/index.php?rest_route=\/wp\/v2\/users\/3"}],"replies":[{"embeddable":true,"href":"https:\/\/2horizontes.com\/index.php?rest_route=%2Fwp%2Fv2%2Fcomments&post=62280"}],"version-history":[{"count":1,"href":"https:\/\/2horizontes.com\/index.php?rest_route=\/wp\/v2\/posts\/62280\/revisions"}],"predecessor-version":[{"id":62282,"href":"https:\/\/2horizontes.com\/index.php?rest_route=\/wp\/v2\/posts\/62280\/revisions\/62282"}],"wp:featuredmedia":[{"embeddable":true,"href":"https:\/\/2horizontes.com\/index.php?rest_route=\/wp\/v2\/media\/62281"}],"wp:attachment":[{"href":"https:\/\/2horizontes.com\/index.php?rest_route=%2Fwp%2Fv2%2Fmedia&parent=62280"}],"wp:term":[{"taxonomy":"category","embeddable":true,"href":"https:\/\/2horizontes.com\/index.php?rest_route=%2Fwp%2Fv2%2Fcategories&post=62280"},{"taxonomy":"post_tag","embeddable":true,"href":"https:\/\/2horizontes.com\/index.php?rest_route=%2Fwp%2Fv2%2Ftags&post=62280"}],"curies":[{"name":"wp","href":"https:\/\/api.w.org\/{rel}","templated":true}]}}