{"id":62271,"date":"2017-01-26T12:12:57","date_gmt":"2017-01-26T11:12:57","guid":{"rendered":"http:\/\/2horizontes.com\/?p=62271"},"modified":"2017-01-26T12:12:57","modified_gmt":"2017-01-26T11:12:57","slug":"el-barca-y-messi-se-sentaran-a-negociar-la-renovacion-en-los-proximos-dias","status":"publish","type":"post","link":"https:\/\/2horizontes.com\/?p=62271","title":{"rendered":"El Bar\u00e7a y Messi se sentar\u00e1n a negociar la renovaci\u00f3n en los pr\u00f3ximos d\u00edas"},"content":{"rendered":"<p>La renovaci\u00f3n de Messi es un asunto primordial en el futuro pr\u00f3ximo del Bar\u00e7a. Desde el club lo saben y ya se ha programado el d\u00eda para empezar a abordar la delicada ampliaci\u00f3n del futbolista, seg\u00fan ha desvelado \u2018El Partidazo\u2019 de \u2018COPE\u2019. El programa comandado por Juanma Casta\u00f1o ha explicado que febrero ser\u00e1 el mes clave para llegar a un acuerdo, que actualmente expira en 2018.<\/p>\n<p>Siguiendo con la informaci\u00f3n del medio radiof\u00f3nico, el padre del jugador, Jorge Messi, sigue en Argentina pero ya ha mantenido conversaciones informales con el presidente de la entidad, Josep Maria Bartomeu. Adem\u00e1s, el progenitor del cinco veces ganador del Bal\u00f3n de Oro habr\u00eda mostrado su disconformidad con las m\u00faltiples especulaciones que han aparecido en la prensa durante las \u00faltimas fechas en relaci\u00f3n a la continuidad de Messi en el conjunto \u2018cul\u00e9\u2019.<\/p>\n","protected":false},"excerpt":{"rendered":"<p>La renovaci\u00f3n de Messi es un asunto primordial en el futuro pr\u00f3ximo del Bar\u00e7a. Desde el club lo saben y ya se ha programado el d\u00eda para empezar a abordar la delicada ampliaci\u00f3n del futbolista, seg\u00fan ha desvelado \u2018El Partidazo\u2019 de \u2018COPE\u2019. El programa comandado por Juanma Casta\u00f1o ha explicado que febrero ser\u00e1 el mes [&hellip;]<\/p>\n","protected":false},"author":3,"featured_media":62272,"comment_status":"open","ping_status":"open","sticky":false,"template":"","format":"standard","meta":{"footnotes":""},"categories":[42,85],"tags":[],"class_list":["post-62271","post","type-post","status-publish","format-standard","has-post-thumbnail","hentry","category-deportes","category-espana"],"_links":{"self":[{"href":"https:\/\/2horizontes.com\/index.php?rest_route=\/wp\/v2\/posts\/62271","targetHints":{"allow":["GET"]}}],"collection":[{"href":"https:\/\/2horizontes.com\/index.php?rest_route=\/wp\/v2\/posts"}],"about":[{"href":"https:\/\/2horizontes.com\/index.php?rest_route=\/wp\/v2\/types\/post"}],"author":[{"embeddable":true,"href":"https:\/\/2horizontes.com\/index.php?rest_route=\/wp\/v2\/users\/3"}],"replies":[{"embeddable":true,"href":"https:\/\/2horizontes.com\/index.php?rest_route=%2Fwp%2Fv2%2Fcomments&post=62271"}],"version-history":[{"count":1,"href":"https:\/\/2horizontes.com\/index.php?rest_route=\/wp\/v2\/posts\/62271\/revisions"}],"predecessor-version":[{"id":62273,"href":"https:\/\/2horizontes.com\/index.php?rest_route=\/wp\/v2\/posts\/62271\/revisions\/62273"}],"wp:featuredmedia":[{"embeddable":true,"href":"https:\/\/2horizontes.com\/index.php?rest_route=\/wp\/v2\/media\/62272"}],"wp:attachment":[{"href":"https:\/\/2horizontes.com\/index.php?rest_route=%2Fwp%2Fv2%2Fmedia&parent=62271"}],"wp:term":[{"taxonomy":"category","embeddable":true,"href":"https:\/\/2horizontes.com\/index.php?rest_route=%2Fwp%2Fv2%2Fcategories&post=62271"},{"taxonomy":"post_tag","embeddable":true,"href":"https:\/\/2horizontes.com\/index.php?rest_route=%2Fwp%2Fv2%2Ftags&post=62271"}],"curies":[{"name":"wp","href":"https:\/\/api.w.org\/{rel}","templated":true}]}}