{"id":62264,"date":"2017-01-26T12:05:30","date_gmt":"2017-01-26T11:05:30","guid":{"rendered":"http:\/\/2horizontes.com\/?p=62264"},"modified":"2017-01-26T12:05:30","modified_gmt":"2017-01-26T11:05:30","slug":"detenidos-en-castelldefels-seis-miembros-de-una-banda-que-traficaba-con-armas-de-guerra","status":"publish","type":"post","link":"https:\/\/2horizontes.com\/?p=62264","title":{"rendered":"Detenidos en Castelldefels seis miembros de una banda que traficaba con armas de guerra"},"content":{"rendered":"<p>La Polic\u00eda Nacional ha detenido en el \u00e1rea de Barcelona a seis personas integrantes de una banda que pose\u00eda un arsenal con diversas armas de guerra destinadas al tr\u00e1fico il\u00edcito para su uso por otros grupos criminales.<\/p>\n<p>Seg\u00fan ha informado hoy el Cuerpo Nacional de Polic\u00eda, los agentes se han incautado de un fusil de asalto tipo AK, dos subfusiles ametralladores, cuatro rifles, dos escopetas, tres pistolas, un rev\u00f3lver, gran cantidad de munici\u00f3n de diferentes calibres, cargadores y chalecos antibala, adem\u00e1s de armas blancas.<\/p>\n<p>Entre el armamento incautado hab\u00eda un fusil de asalto tipo AK, dos subfusiles ametralladores, cuatro rifles y tres pistolas<\/p>\n<p>La banda estaba formada por personas de nacionalidad espa\u00f1ola y marroqu\u00ed, y en la operaci\u00f3n, efectuada el pasado d\u00eda 11, se practicaron cinco entradas y registros en domicilios de Barcelona, Matar\u00f3 y Castelldefels.<\/p>\n<p>Adem\u00e1s de las armas, la polic\u00eda ha intervenido dos bolsas y un paquete con cerca de un kilo de diferentes sustancias estupefacientes.<\/p>\n<p>Las investigaciones se iniciaron en 2016 cuando se detect\u00f3 a un grupo liderado por un ciudadano marroqu\u00ed, residente en la periferia de Barcelona, sobre el que reca\u00edan sospechas de que lideraba una organizaci\u00f3n criminal dedicada al tr\u00e1fico de armas de fuego.<\/p>\n","protected":false},"excerpt":{"rendered":"<p>La Polic\u00eda Nacional ha detenido en el \u00e1rea de Barcelona a seis personas integrantes de una banda que pose\u00eda un arsenal con diversas armas de guerra destinadas al tr\u00e1fico il\u00edcito para su uso por otros grupos criminales. Seg\u00fan ha informado hoy el Cuerpo Nacional de Polic\u00eda, los agentes se han incautado de un fusil de [&hellip;]<\/p>\n","protected":false},"author":3,"featured_media":62265,"comment_status":"open","ping_status":"open","sticky":false,"template":"","format":"standard","meta":{"footnotes":""},"categories":[85],"tags":[],"class_list":["post-62264","post","type-post","status-publish","format-standard","has-post-thumbnail","hentry","category-espana"],"_links":{"self":[{"href":"https:\/\/2horizontes.com\/index.php?rest_route=\/wp\/v2\/posts\/62264","targetHints":{"allow":["GET"]}}],"collection":[{"href":"https:\/\/2horizontes.com\/index.php?rest_route=\/wp\/v2\/posts"}],"about":[{"href":"https:\/\/2horizontes.com\/index.php?rest_route=\/wp\/v2\/types\/post"}],"author":[{"embeddable":true,"href":"https:\/\/2horizontes.com\/index.php?rest_route=\/wp\/v2\/users\/3"}],"replies":[{"embeddable":true,"href":"https:\/\/2horizontes.com\/index.php?rest_route=%2Fwp%2Fv2%2Fcomments&post=62264"}],"version-history":[{"count":1,"href":"https:\/\/2horizontes.com\/index.php?rest_route=\/wp\/v2\/posts\/62264\/revisions"}],"predecessor-version":[{"id":62266,"href":"https:\/\/2horizontes.com\/index.php?rest_route=\/wp\/v2\/posts\/62264\/revisions\/62266"}],"wp:featuredmedia":[{"embeddable":true,"href":"https:\/\/2horizontes.com\/index.php?rest_route=\/wp\/v2\/media\/62265"}],"wp:attachment":[{"href":"https:\/\/2horizontes.com\/index.php?rest_route=%2Fwp%2Fv2%2Fmedia&parent=62264"}],"wp:term":[{"taxonomy":"category","embeddable":true,"href":"https:\/\/2horizontes.com\/index.php?rest_route=%2Fwp%2Fv2%2Fcategories&post=62264"},{"taxonomy":"post_tag","embeddable":true,"href":"https:\/\/2horizontes.com\/index.php?rest_route=%2Fwp%2Fv2%2Ftags&post=62264"}],"curies":[{"name":"wp","href":"https:\/\/api.w.org\/{rel}","templated":true}]}}