{"id":62086,"date":"2017-01-22T16:58:10","date_gmt":"2017-01-22T15:58:10","guid":{"rendered":"http:\/\/2horizontes.com\/?p=62086"},"modified":"2017-01-22T16:58:10","modified_gmt":"2017-01-22T15:58:10","slug":"manifestantes-no-hicieron-la-parada-frente-al-palacio-llegan-a-parque","status":"publish","type":"post","link":"https:\/\/2horizontes.com\/?p=62086","title":{"rendered":"Manifestantes no hicieron la \u201cparada\u201d frente al Palacio; llegan a parque"},"content":{"rendered":"<p>SANTO DOMINGO, Rep\u00fablica Dominicana.- Las personas que participan en la denominada \u201cmarcha contra la impunidad y la corrupci\u00f3n\u201d, no se detuvieron en el Palacio Nacional y optaron por seguir caminando por la avenida 30 de marzo rumbo al parque Independencia.<\/p>\n<div><\/div>\n<p>Aunque ten\u00edan previsto \u00a0hacer una \u201cparada c\u00edvica\u201d frente a la casa de Gobierno, desistieron de la misma tras comprobar que este lugar estaba fuertemente custodiado por uniformados armados.\u00a0 En torno al recinto estaban colocadas desde temprano vallas protectoras para evitar que los manifestantes penetraran.<\/p>\n<p>Bajo una permanente vigilancia policial, los manifestantes partieron de la interseccion de las avenidas 27 de febrero y M\u00e1ximo G\u00f3mez, de esta capital y luego tomaron la calle 30 de Marzo, por la\u00a0 cual bajaron, \u00a0a pesar de que esta calle es en tiempos normales de una sola v\u00eda. Finalizar\u00edan en el parque Independencia.<\/p>\n<p>Los que convocaron la denominada \u201cMarcha del fin de la Impunidad\u201d informaron que durante la misma habr\u00eda un amplio equipo de orden, limpieza y animaci\u00f3n para garantizar un ambiente de paz y manifestaci\u00f3n c\u00edvica.<\/p>\n<p>Numerosos polic\u00edas fueron apostados a todo lo largo de las v\u00edas que recorre la marcha.<\/p>\n<p>El Ministerio de Interior y Polic\u00eda afirm\u00f3 que ha otorgado \u201ctodas las facilidades y log\u00edsticas\u201d para la marcha.<\/p>\n<p>\u201cHemos dado todas las instrucciones para garantizar el orden con apego y respeto a la libertad de movimiento que otorga y consagra la Constituci\u00f3n de la Rep\u00fablica Dominicana\u201d, se\u00f1al\u00f3 el organismo en un comunicado.<\/p>\n","protected":false},"excerpt":{"rendered":"<p>SANTO DOMINGO, Rep\u00fablica Dominicana.- Las personas que participan en la denominada \u201cmarcha contra la impunidad y la corrupci\u00f3n\u201d, no se detuvieron en el Palacio Nacional y optaron por seguir caminando por la avenida 30 de marzo rumbo al parque Independencia. Aunque ten\u00edan previsto \u00a0hacer una \u201cparada c\u00edvica\u201d frente a la casa de Gobierno, desistieron de [&hellip;]<\/p>\n","protected":false},"author":4,"featured_media":62087,"comment_status":"open","ping_status":"open","sticky":false,"template":"","format":"standard","meta":{"footnotes":""},"categories":[44],"tags":[],"class_list":["post-62086","post","type-post","status-publish","format-standard","has-post-thumbnail","hentry","category-republica-dominicana"],"_links":{"self":[{"href":"https:\/\/2horizontes.com\/index.php?rest_route=\/wp\/v2\/posts\/62086","targetHints":{"allow":["GET"]}}],"collection":[{"href":"https:\/\/2horizontes.com\/index.php?rest_route=\/wp\/v2\/posts"}],"about":[{"href":"https:\/\/2horizontes.com\/index.php?rest_route=\/wp\/v2\/types\/post"}],"author":[{"embeddable":true,"href":"https:\/\/2horizontes.com\/index.php?rest_route=\/wp\/v2\/users\/4"}],"replies":[{"embeddable":true,"href":"https:\/\/2horizontes.com\/index.php?rest_route=%2Fwp%2Fv2%2Fcomments&post=62086"}],"version-history":[{"count":1,"href":"https:\/\/2horizontes.com\/index.php?rest_route=\/wp\/v2\/posts\/62086\/revisions"}],"predecessor-version":[{"id":62088,"href":"https:\/\/2horizontes.com\/index.php?rest_route=\/wp\/v2\/posts\/62086\/revisions\/62088"}],"wp:featuredmedia":[{"embeddable":true,"href":"https:\/\/2horizontes.com\/index.php?rest_route=\/wp\/v2\/media\/62087"}],"wp:attachment":[{"href":"https:\/\/2horizontes.com\/index.php?rest_route=%2Fwp%2Fv2%2Fmedia&parent=62086"}],"wp:term":[{"taxonomy":"category","embeddable":true,"href":"https:\/\/2horizontes.com\/index.php?rest_route=%2Fwp%2Fv2%2Fcategories&post=62086"},{"taxonomy":"post_tag","embeddable":true,"href":"https:\/\/2horizontes.com\/index.php?rest_route=%2Fwp%2Fv2%2Ftags&post=62086"}],"curies":[{"name":"wp","href":"https:\/\/api.w.org\/{rel}","templated":true}]}}