{"id":6207,"date":"2015-05-07T15:33:13","date_gmt":"2015-05-07T14:33:13","guid":{"rendered":"http:\/\/2horizontes.com\/?p=6207"},"modified":"2015-05-07T15:33:13","modified_gmt":"2015-05-07T14:33:13","slug":"obispos-de-africa-y-europa-interpelan-a-los-estados-y-a-la-ue-para-que-promuevan-politicas-globales-de-migracion-y-asilo","status":"publish","type":"post","link":"https:\/\/2horizontes.com\/?p=6207","title":{"rendered":"Obispos de \u00c1frica y Europa interpelan a los Estados y a la UE para que promuevan pol\u00edticas globales de migraci\u00f3n y asilo"},"content":{"rendered":"<div class=\"entry-summary\">Madrid.- Los obispos y responsables de migraciones de la Comisi\u00f3n Mixta del Mediterr\u00e1neo, del sur de Europa y norte de \u00c1frica, reunidos esta semana en Madrid, hacen un llamamiento a los Estados y a la UE para que promuevan pol\u00edticas globales de migraci\u00f3n y asilo as\u00ed como los recursos necesarios para los caminos y rescates humanitarios, ante la muerte de miles de inmigrantes en naufragios en el Mediterr\u00e1neo.<\/div>\n<div class=\"tx mce\">\n<p class=\"mce\">\u00abTras los muchos naufragios, algunos de ellos muy recientes, los miembros de la Comisi\u00f3n llaman fuertemente la atenci\u00f3n e interpelan a los Estados y a la Uni\u00f3n Europea para que asuman conscientemente su responsabilidad no s\u00f3lo para que promuevan todos los recursos necesarios para\u00a0los caminos y rescates humanitarios en todas sus modalidades, sino sobre todo, para que promuevan pol\u00edticas globales de migraci\u00f3n y asilo\u00bb, subrayan en un comunicado final.<\/p>\n<\/div>\n<p class=\"mce\">\n<p class=\"mce\">Adem\u00e1s, reclaman \u00abtotal respeto y defensa de la dignidad y los derechos humanos fundamentales, incluido el derecho a la integridad de la vida, de los migrantes\u00bb.<\/p>\n<p class=\"mce\">Asimismo, se han mostrado \u00abmuy preocupados por lo que est\u00e1 ocurriendo en Libia y las consecuencias dram\u00e1ticas que sufren los cristianos en este pa\u00eds\u00bb.<\/p>\n<p class=\"mce\">As\u00ed lo han destacado durante la reuni\u00f3n de la Comisi\u00f3n Mixta del Mediterr\u00e1neo que se ha celebrado en Madrid del 3 al 5 de mayo y en la que han participado trece obispos, cinco sacerdotes, dos laicos y una religiosa provenientes del norte de \u00c1frica (Marruecos, T\u00fanez, Argelia), Francia, Portugal, Italia y Espa\u00f1a.<\/p>\n<p class=\"mce\">La reuni\u00f3n ha estado presidida por el obispo de Albacete, monse\u00f1or Ciriaco Benavente, y copresidida por el arzobispo de Rabat, monse\u00f1or Vicent Landel, y el obispo auxiliar de Burdeos, monse\u00f1or Laurent Dognin, presidente de la Comisi\u00f3n Episcopal para la Misi\u00f3n Universal en Francia. Tambi\u00e9n han intervenido otros ocho obispos y arzobispos de Francia, Portugal, Italia, T\u00fanez, Argelia y Marruecos, as\u00ed como distintos expertos en el tema de Francia.<\/p>\n<p class=\"mce\">Por parte de la Conferencia Episcopal Espa\u00f1ola, adem\u00e1s de monse\u00f1or Benavente, han participado en la reuni\u00f3n el obispo de C\u00e1diz y Ceuta, monse\u00f1or Rafael Zornoza, el director del secretariado de la Comisi\u00f3n Episcopal de Migraciones, Jos\u00e9 Luis Pinilla, y la Hermanita de Jesus Maria Jes\u00fas Arandia.<\/p>\n<p class=\"mce\">Durante el encuentro, los responsables de migraciones tambi\u00e9n han reflexionado sobre la recepci\u00f3n y el acompa\u00f1amiento de los catec\u00famenos inmigrantes de otras religiones y han apuntado que, cuando se producen estas peticiones especiales se requiere un camino catecumenal que debe tener en cuenta sus tradiciones religiosas y culturales.<\/p>\n<p class=\"mce\">Asimismo, han presentado herramientas de catequesis espec\u00edficas que pueden ayudar a los nuevos conversos a seguir \u00abun rico itinerario de encuentro con Cristo, insertados en la vida de la Iglesia\u00bb.<\/p>\n<p class=\"mce\">Tambi\u00e9n han abordado la cuesti\u00f3n de los matrimonios entre c\u00f3nyuges cristianos y de otras religiones \u00abconstatando la complejidad de las situaciones a causa de las diferencias culturales y las tradiciones de la familia sobre el matrimonio, por la distinta situaci\u00f3n social y la legislaci\u00f3n de cada pa\u00eds, o por el inter\u00e9s en la elecci\u00f3n de la educaci\u00f3n religiosa de los ni\u00f1os\u00bb.<\/p>\n<p class=\"mce\">En este sentido, han estudiado la recepci\u00f3n, preparaci\u00f3n y celebraci\u00f3n de estos matrimonios y c\u00f3mo acompa\u00f1ar mejor en su proceso a estas familias.<\/p>\n<p class=\"mce\">Europa Press.<\/p>\n","protected":false},"excerpt":{"rendered":"<p>Madrid.- Los obispos y responsables de migraciones de la Comisi\u00f3n Mixta del Mediterr\u00e1neo, del sur de Europa y norte de \u00c1frica, reunidos esta semana en Madrid, hacen un llamamiento a los Estados y a la UE para que promuevan pol\u00edticas globales de migraci\u00f3n y asilo as\u00ed como los recursos necesarios para los caminos y rescates [&hellip;]<\/p>\n","protected":false},"author":7,"featured_media":6208,"comment_status":"open","ping_status":"open","sticky":false,"template":"","format":"standard","meta":{"footnotes":""},"categories":[51,40],"tags":[],"class_list":["post-6207","post","type-post","status-publish","format-standard","has-post-thumbnail","hentry","category-africa","category-internacionales"],"_links":{"self":[{"href":"https:\/\/2horizontes.com\/index.php?rest_route=\/wp\/v2\/posts\/6207","targetHints":{"allow":["GET"]}}],"collection":[{"href":"https:\/\/2horizontes.com\/index.php?rest_route=\/wp\/v2\/posts"}],"about":[{"href":"https:\/\/2horizontes.com\/index.php?rest_route=\/wp\/v2\/types\/post"}],"author":[{"embeddable":true,"href":"https:\/\/2horizontes.com\/index.php?rest_route=\/wp\/v2\/users\/7"}],"replies":[{"embeddable":true,"href":"https:\/\/2horizontes.com\/index.php?rest_route=%2Fwp%2Fv2%2Fcomments&post=6207"}],"version-history":[{"count":1,"href":"https:\/\/2horizontes.com\/index.php?rest_route=\/wp\/v2\/posts\/6207\/revisions"}],"predecessor-version":[{"id":6209,"href":"https:\/\/2horizontes.com\/index.php?rest_route=\/wp\/v2\/posts\/6207\/revisions\/6209"}],"wp:featuredmedia":[{"embeddable":true,"href":"https:\/\/2horizontes.com\/index.php?rest_route=\/wp\/v2\/media\/6208"}],"wp:attachment":[{"href":"https:\/\/2horizontes.com\/index.php?rest_route=%2Fwp%2Fv2%2Fmedia&parent=6207"}],"wp:term":[{"taxonomy":"category","embeddable":true,"href":"https:\/\/2horizontes.com\/index.php?rest_route=%2Fwp%2Fv2%2Fcategories&post=6207"},{"taxonomy":"post_tag","embeddable":true,"href":"https:\/\/2horizontes.com\/index.php?rest_route=%2Fwp%2Fv2%2Ftags&post=6207"}],"curies":[{"name":"wp","href":"https:\/\/api.w.org\/{rel}","templated":true}]}}