{"id":62056,"date":"2017-01-21T15:08:54","date_gmt":"2017-01-21T14:08:54","guid":{"rendered":"http:\/\/2horizontes.com\/?p=62056"},"modified":"2017-01-21T15:08:54","modified_gmt":"2017-01-21T14:08:54","slug":"hoy-es-el-dia-de-la-virgen-de-la-altagracia-protectora-de-dominicanos","status":"publish","type":"post","link":"https:\/\/2horizontes.com\/?p=62056","title":{"rendered":"Hoy es el d\u00eda de la Virgen de la Altagracia, protectora de dominicanos"},"content":{"rendered":"<p>HIGUEY, Rep\u00fablica Dominicana.- \u00a0Hoy, 21 de enero, es celebrado el D\u00eda de Nuestra Se\u00f1ora de La Altagracia, considerada la \u201cProtectora de la Rep\u00fablica Dominicana\u201d.Con tal motivo son celebrados cultos en los templos cat\u00f3licos de todo el pa\u00eds. \u00a0Los principales fueron programados en la\u00a0Bas\u00edlica de esta ciudad de Hig\u00fcey, en\u00a0la regi\u00f3n Este, hacia donde se han desplazado cientos de personas.<\/p>\n<div><\/div>\n<p>El presidente de la Rep\u00fablica, Danilo Medina, envi\u00f3 a los dominicanos un mensaje en el que dice haber elevado oraciones por un mejor pa\u00eds.<\/p>\n<p>El mandatario dijo que se une al pueblo dominicano y eleva oraciones en procura de la intercesi\u00f3n de la Virgen de La Altagracia ante Dios.<\/p>\n<p>\u201cSe trata de una de las conmemoraciones del santoral cat\u00f3lico que toca con mayor profundidad a la feligres\u00eda. \u201cCon fidelidad desbordante hacia la Madre del Hijo de Dios, nuestro pueblo clama por su protecci\u00f3n e intercesi\u00f3n\u201d, agreg\u00f3.<\/p>\n<p>La veneraci\u00f3n a la Virgen Mar\u00eda, en su advocaci\u00f3n de La Altagracia, naci\u00f3 en Espa\u00f1a. La imagen de la Virgen habr\u00eda sido llevada a Hig\u00fcey en 1502 por dos hidalgos de Extremadura (sur de Espa\u00f1a).<\/p>\n<p>Exhort\u00f3 a los viajeros al templo y a quienes se desplazan por calles, a observar la Ley de Tr\u00e1nsito y \u201cadoptar medidas para evitar accidentes lamentables\u201d, y tener un feliz viaje.<\/p>\n<p>sp-am<\/p>\n","protected":false},"excerpt":{"rendered":"<p>HIGUEY, Rep\u00fablica Dominicana.- \u00a0Hoy, 21 de enero, es celebrado el D\u00eda de Nuestra Se\u00f1ora de La Altagracia, considerada la \u201cProtectora de la Rep\u00fablica Dominicana\u201d.Con tal motivo son celebrados cultos en los templos cat\u00f3licos de todo el pa\u00eds. \u00a0Los principales fueron programados en la\u00a0Bas\u00edlica de esta ciudad de Hig\u00fcey, en\u00a0la regi\u00f3n Este, hacia donde se han [&hellip;]<\/p>\n","protected":false},"author":1,"featured_media":62058,"comment_status":"open","ping_status":"open","sticky":false,"template":"","format":"standard","meta":{"footnotes":""},"categories":[62,44],"tags":[],"class_list":["post-62056","post","type-post","status-publish","format-standard","has-post-thumbnail","hentry","category-cultura","category-republica-dominicana"],"_links":{"self":[{"href":"https:\/\/2horizontes.com\/index.php?rest_route=\/wp\/v2\/posts\/62056","targetHints":{"allow":["GET"]}}],"collection":[{"href":"https:\/\/2horizontes.com\/index.php?rest_route=\/wp\/v2\/posts"}],"about":[{"href":"https:\/\/2horizontes.com\/index.php?rest_route=\/wp\/v2\/types\/post"}],"author":[{"embeddable":true,"href":"https:\/\/2horizontes.com\/index.php?rest_route=\/wp\/v2\/users\/1"}],"replies":[{"embeddable":true,"href":"https:\/\/2horizontes.com\/index.php?rest_route=%2Fwp%2Fv2%2Fcomments&post=62056"}],"version-history":[{"count":1,"href":"https:\/\/2horizontes.com\/index.php?rest_route=\/wp\/v2\/posts\/62056\/revisions"}],"predecessor-version":[{"id":62059,"href":"https:\/\/2horizontes.com\/index.php?rest_route=\/wp\/v2\/posts\/62056\/revisions\/62059"}],"wp:featuredmedia":[{"embeddable":true,"href":"https:\/\/2horizontes.com\/index.php?rest_route=\/wp\/v2\/media\/62058"}],"wp:attachment":[{"href":"https:\/\/2horizontes.com\/index.php?rest_route=%2Fwp%2Fv2%2Fmedia&parent=62056"}],"wp:term":[{"taxonomy":"category","embeddable":true,"href":"https:\/\/2horizontes.com\/index.php?rest_route=%2Fwp%2Fv2%2Fcategories&post=62056"},{"taxonomy":"post_tag","embeddable":true,"href":"https:\/\/2horizontes.com\/index.php?rest_route=%2Fwp%2Fv2%2Ftags&post=62056"}],"curies":[{"name":"wp","href":"https:\/\/api.w.org\/{rel}","templated":true}]}}