{"id":62049,"date":"2017-01-21T15:01:34","date_gmt":"2017-01-21T14:01:34","guid":{"rendered":"http:\/\/2horizontes.com\/?p=62049"},"modified":"2017-01-21T15:10:14","modified_gmt":"2017-01-21T14:10:14","slug":"217-arrestados-disturbios-anti-trump-en-washington-seran-sometidos-hoy","status":"publish","type":"post","link":"https:\/\/2horizontes.com\/?p=62049","title":{"rendered":"217 arrestados disturbios anti-Trump en Washington; ser\u00e1n sometidos hoy"},"content":{"rendered":"<p>&nbsp;<\/p>\n<p>La polic\u00eda arrest\u00f3 a 217 personas el viernes por violentas protestas en el d\u00eda de la toma de posesi\u00f3n del presidente estadounidense Donald Trump en Washington.<\/p>\n<p>Los manifestantes, unos 400 a 500, seg\u00fan estim\u00f3 el jefe de polic\u00eda de la ciudad Peter Newsham, bloquearon el tr\u00e1fico en una importante autopista, incendiaron un auto, lanzaron piedras a la polic\u00eda e inundaron las calles cercanas a la Casa Blanca, mientras los partidarios de Trump celebraban su toma de posesi\u00f3n.<\/p>\n<p>Los detenidos ser\u00e1n acusados formalmente el s\u00e1bado. Seis polic\u00edas resultaron heridos levemente en los altercados, coordinados por un grupo de fuera de Washington, dijo el jefe Newsham.<\/p>\n<div class=\"wp-caption alignnone\">\n<p><img loading=\"lazy\" decoding=\"async\" class=\" enhanced\" src=\"https:\/\/gdb.voanews.com\/5000F3DE-B450-44C7-9B2B-4DD949473343_w610_r0_s.jpg\" alt=\"Una mujer es atendida luego de ser afectada por gas pimienta durante las protestas anti-Trump en Washington.\" width=\"610\" height=\"407\" \/><\/p>\n<p class=\"wp-caption-text\">Una mujer es atendida luego de ser afectada por gas pimienta durante las protestas anti-Trump en Washington.<\/p>\n<\/div>\n<p class=\"caption\">La mayor\u00eda de las dem\u00e1s manifestaciones este d\u00eda se desarrollaron en forma pac\u00edfica, aunque incluso las que fueron violentas no estuvieron cerca del lugar donde se desarroll\u00f3 la ceremonia de investidura.<\/p>\n<p>En el centro de la ciudad, a unas cuadras de la Casa Blanca, la polic\u00eda persigui\u00f3 a un grupo de unos 100 manifestantes que destrozaron las ventanas de empresas del centro de Washington mientras denunciaban al capitalismo y a Trump.<\/p>\n<p>La televisi\u00f3n local mostr\u00f3 una limusina con las ventanas totalmente quebradas y manifestantes con los rostros cubiertos parados sobre el autom\u00f3vil. Otras camionetas todo terreno, incluyendo una de una cadena de televisi\u00f3n, tambi\u00e9n fueron da\u00f1adas.<\/p>\n<p>Activistas vestidos de negro rompieron las ventas de tiendas y veh[iculos y se enferentaron a la polic\u00eda antidisturbios que respondi\u00f3 con gas pimienta y granadas de aturdimiento.<\/p>\n<div class=\"wp-caption alignnone\">\n<p><img loading=\"lazy\" decoding=\"async\" class=\" enhanced\" src=\"https:\/\/gdb.voanews.com\/1102874A-2491-4B5F-A900-71C6A80E22F4_w610_r0_s.jpg\" alt=\"Un polic\u00eda cae al suelo mientras otro lanza gas pimienta a manifestantes anti-Trump en el centro de Washington.\" width=\"610\" height=\"407\" \/><\/p>\n<p class=\"wp-caption-text\">Un polic\u00eda cae al suelo mientras otro lanza gas pimienta a manifestantes anti-Trump en el centro de Washington.<\/p>\n<\/div>\n<p class=\"caption\">Unas 500 personas, algunas con m\u00e1scaras y pa\u00f1uelos que les cubr\u00edan el rostro, marcharon por el centro de la ciudad rompiendo las ventanas de una sucursal del Bank of America, un restaurante McDonald\u2019s y una cafeter\u00eda Starbucks, todas s\u00edmbolos del sistema capitalista estadounidense.<\/p>\n<p>La multitud airada coreaba consignas contra Trump y portaba al menos un cartel que dec\u00eda \u201cMake Racist Afraid Again\u201d (Hagamos temer a los racistas otra vez), una burla a la consigna de campa\u00f1a de Trump \u201cMake America Great Again\u201d.<\/p>\n<p>Los manifestantes tambi\u00e9n causaron da\u00f1os a varios veh\u00edculos y lanzaron a la calle basureros y cajas dispensadoras de peri\u00f3dicos. Los disturbios ocurrieron unos 90 minutos antes de que Trump fuera juramentado en el Capitolio, a unos 2,5 km.<\/p>\n<p><iframe loading=\"lazy\" width=\"960\" height=\"540\" src=\"https:\/\/www.youtube.com\/embed\/zAksa9tjdJY?feature=oembed\" frameborder=\"0\" allowfullscreen><\/iframe><\/p>\n","protected":false},"excerpt":{"rendered":"<p>&nbsp; La polic\u00eda arrest\u00f3 a 217 personas el viernes por violentas protestas en el d\u00eda de la toma de posesi\u00f3n del presidente estadounidense Donald Trump en Washington. Los manifestantes, unos 400 a 500, seg\u00fan estim\u00f3 el jefe de polic\u00eda de la ciudad Peter Newsham, bloquearon el tr\u00e1fico en una importante autopista, incendiaron un auto, lanzaron [&hellip;]<\/p>\n","protected":false},"author":1,"featured_media":62051,"comment_status":"open","ping_status":"open","sticky":false,"template":"","format":"video","meta":{"footnotes":""},"categories":[40,43],"tags":[],"class_list":["post-62049","post","type-post","status-publish","format-video","has-post-thumbnail","hentry","category-internacionales","category-politica","post_format-post-format-video"],"_links":{"self":[{"href":"https:\/\/2horizontes.com\/index.php?rest_route=\/wp\/v2\/posts\/62049","targetHints":{"allow":["GET"]}}],"collection":[{"href":"https:\/\/2horizontes.com\/index.php?rest_route=\/wp\/v2\/posts"}],"about":[{"href":"https:\/\/2horizontes.com\/index.php?rest_route=\/wp\/v2\/types\/post"}],"author":[{"embeddable":true,"href":"https:\/\/2horizontes.com\/index.php?rest_route=\/wp\/v2\/users\/1"}],"replies":[{"embeddable":true,"href":"https:\/\/2horizontes.com\/index.php?rest_route=%2Fwp%2Fv2%2Fcomments&post=62049"}],"version-history":[{"count":4,"href":"https:\/\/2horizontes.com\/index.php?rest_route=\/wp\/v2\/posts\/62049\/revisions"}],"predecessor-version":[{"id":62054,"href":"https:\/\/2horizontes.com\/index.php?rest_route=\/wp\/v2\/posts\/62049\/revisions\/62054"}],"wp:featuredmedia":[{"embeddable":true,"href":"https:\/\/2horizontes.com\/index.php?rest_route=\/wp\/v2\/media\/62051"}],"wp:attachment":[{"href":"https:\/\/2horizontes.com\/index.php?rest_route=%2Fwp%2Fv2%2Fmedia&parent=62049"}],"wp:term":[{"taxonomy":"category","embeddable":true,"href":"https:\/\/2horizontes.com\/index.php?rest_route=%2Fwp%2Fv2%2Fcategories&post=62049"},{"taxonomy":"post_tag","embeddable":true,"href":"https:\/\/2horizontes.com\/index.php?rest_route=%2Fwp%2Fv2%2Ftags&post=62049"}],"curies":[{"name":"wp","href":"https:\/\/api.w.org\/{rel}","templated":true}]}}