{"id":62026,"date":"2017-01-20T16:26:37","date_gmt":"2017-01-20T15:26:37","guid":{"rendered":"http:\/\/2horizontes.com\/?p=62026"},"modified":"2017-01-20T16:26:37","modified_gmt":"2017-01-20T15:26:37","slug":"la-hija-de-pedro-j-ramirez-sale-del-armario","status":"publish","type":"post","link":"https:\/\/2horizontes.com\/?p=62026","title":{"rendered":"La hija de Pedro J. Ram\u00edrez sale del armario"},"content":{"rendered":"<p>C\u00f3sima Ram\u00edrez no suele hablar nunca de su vida personal a pesar de que en otros \u00e1mbitos ha demostrado, en m\u00e1s de una ocasi\u00f3n, que no tiene pelos en la lengua. La hija del Pedro J. Ram\u00edrez y \u00c1gatha Ruiz de la Prada habla ahora sobre su bisexualidad sin tapujos en una entrevista que ha concedido para la publicaci\u00f3n Vanity Fair.<\/p>\n<p>La joven de 26 a\u00f1os reconoce en la publicaci\u00f3n que su coraz\u00f3n ha latido m\u00e1s fuerte que nunca por una mujer, y asegura que la sexualidad no deber\u00eda tener limitaciones. \u201c Me parece cruel, pat\u00e9tico y retr\u00f3grado que te juzguen por tu sexualidad. En Espa\u00f1a son muy cotillas y muy reprimidos. Ya es bastante dif\u00edcil encontrar pareja, \u00bfpor qu\u00e9 limitarse a una sexualidad?\u201d, explica.<\/p>\n","protected":false},"excerpt":{"rendered":"<p>C\u00f3sima Ram\u00edrez no suele hablar nunca de su vida personal a pesar de que en otros \u00e1mbitos ha demostrado, en m\u00e1s de una ocasi\u00f3n, que no tiene pelos en la lengua. La hija del Pedro J. Ram\u00edrez y \u00c1gatha Ruiz de la Prada habla ahora sobre su bisexualidad sin tapujos en una entrevista que ha [&hellip;]<\/p>\n","protected":false},"author":3,"featured_media":62028,"comment_status":"open","ping_status":"open","sticky":false,"template":"","format":"standard","meta":{"footnotes":""},"categories":[1,57],"tags":[],"class_list":["post-62026","post","type-post","status-publish","format-standard","has-post-thumbnail","hentry","category-entretenimiento","category-mundo-gay"],"_links":{"self":[{"href":"https:\/\/2horizontes.com\/index.php?rest_route=\/wp\/v2\/posts\/62026","targetHints":{"allow":["GET"]}}],"collection":[{"href":"https:\/\/2horizontes.com\/index.php?rest_route=\/wp\/v2\/posts"}],"about":[{"href":"https:\/\/2horizontes.com\/index.php?rest_route=\/wp\/v2\/types\/post"}],"author":[{"embeddable":true,"href":"https:\/\/2horizontes.com\/index.php?rest_route=\/wp\/v2\/users\/3"}],"replies":[{"embeddable":true,"href":"https:\/\/2horizontes.com\/index.php?rest_route=%2Fwp%2Fv2%2Fcomments&post=62026"}],"version-history":[{"count":1,"href":"https:\/\/2horizontes.com\/index.php?rest_route=\/wp\/v2\/posts\/62026\/revisions"}],"predecessor-version":[{"id":62029,"href":"https:\/\/2horizontes.com\/index.php?rest_route=\/wp\/v2\/posts\/62026\/revisions\/62029"}],"wp:featuredmedia":[{"embeddable":true,"href":"https:\/\/2horizontes.com\/index.php?rest_route=\/wp\/v2\/media\/62028"}],"wp:attachment":[{"href":"https:\/\/2horizontes.com\/index.php?rest_route=%2Fwp%2Fv2%2Fmedia&parent=62026"}],"wp:term":[{"taxonomy":"category","embeddable":true,"href":"https:\/\/2horizontes.com\/index.php?rest_route=%2Fwp%2Fv2%2Fcategories&post=62026"},{"taxonomy":"post_tag","embeddable":true,"href":"https:\/\/2horizontes.com\/index.php?rest_route=%2Fwp%2Fv2%2Ftags&post=62026"}],"curies":[{"name":"wp","href":"https:\/\/api.w.org\/{rel}","templated":true}]}}