{"id":61998,"date":"2017-01-19T19:10:09","date_gmt":"2017-01-19T18:10:09","guid":{"rendered":"http:\/\/2horizontes.com\/?p=61998"},"modified":"2017-01-19T19:10:09","modified_gmt":"2017-01-19T18:10:09","slug":"el-aumento-de-los-servicios-consulares-dominicanos-en-espana-una-decision-desacertada","status":"publish","type":"post","link":"https:\/\/2horizontes.com\/?p=61998","title":{"rendered":"El aumento de los servicios consulares dominicanos en Espa\u00f1a; Una decisi\u00f3n desacertada"},"content":{"rendered":"<p><strong>Por: Misael P\u00e9rez Montero<\/strong><\/p>\n<p><strong>\u00a0\u00a0\u00a0\u00a0\u00a0 \u201cLa verdad y nada m\u00e1s\u201d<\/strong><\/p>\n<p><strong>Santo Domingo, Rep. Dom._<\/strong>Me resisto a creer que sea cierto que se \u00a0aumentaron los precios de los servicios consulares dominicanos en Espa\u00f1a aunque para muestra basta un bot\u00f3n.<\/p>\n<p>De ser cierto, seg\u00fan el listado de precios que a continuaci\u00f3n me fue suministrado; \u00a0lo \u00fanico que puedo decir es que esos peledeistas, hoy c\u00f3nsules; que tantas veces escuche hablar de teor\u00edas bochista lamentablemente se han alejado del avito del profe y se han transformado en avaros capitalistas.<\/p>\n<p>Esto da a entender que viven \u00a0totalmente alejados de la realidad y que est\u00e1n circunscriptos a un gueto diplom\u00e1tico que se aleja de la realidad de nuestra comunidad en Europa.<br \/>\nUsando el sentido com\u00fan estos, c\u00f3nsules en Espa\u00f1a; antes de aumentar los precios o las tasas consulares debieron, primero; meditar sobre las consecuencias desastrosa que esta medida acarrear\u00eda en la penosa situaci\u00f3n econ\u00f3micas en que viven nuestras familias en Europa; ya que susciten gracias a las ayudas sociales del gobierno Espa\u00f1ol.<\/p>\n<p>Pero al parecer a estas alturas, aun persistiendo la aguda crisis europea y siendo nuestra comunidad \u201cLatinoamericana\u201d la m\u00e1s golpeada y con un \u00edndice que roza el 70 % de dominicanos en paro; a nuestros representantes consulares eso les da igual.<br \/>\nSin duda alguna, considero que el aumento de las tasas consulares deber\u00eda estar sujeto a previo estudio y valoraci\u00f3n por parte de canciller\u00eda y no ser una medida desenfrenada y tomada a la ligera como hasta ahora ha sido por parte de estos se\u00f1ores elitistas consulares.<\/p>\n<p>Este aumento, incuestionablemente; les hace un flaco favor a ellos mismos como pol\u00edticos, al PLD, as\u00ed como tambi\u00e9n al gobierno. Por lo que les hago un llamado a la reflexi\u00f3n, cordura y en lo inmediato a deponer ese incremento en la tasas consulares, as\u00ed como tambi\u00e9n esa actitud ambiciosa, ya que solo refleja, ante esa digna comunidad dominicana residente en Espa\u00f1a; la b\u00fasqueda de riquezas antes de ser sustituidos del cargo.<\/p>\n<p>Por los males que atraviesa nuestra comunidad se hace necesario que estos servidores p\u00fablicos se enfoquen m\u00e1s en trabajar en beneficio de nuestra comunidad, ya que de no hacerlo su falta de consideraci\u00f3n y perjurios les ser\u00e1 recordadas por nuestra comunidad.<\/p>\n<p>En s\u00edntesis: La lectura que percibe mi comunidad de este aumento es que estos, c\u00f3nsules-pol\u00edticos; ya saben que ser\u00e1n relevados \u00a0del cargo y hay que recoger lo poco que pueda quedar.<\/p>\n<p>Y es que al fin y al cabo son todos iguales, velan m\u00e1s por su bolsillo que por las funciones a las que fueron designados. \u201cPesito mat\u00f3 a pueblito\u201d.<\/p>\n<div id=\"attachment_29604\" class=\"wp-caption alignnone\"><img loading=\"lazy\" decoding=\"async\" class=\"wp-image-29604\" src=\"http:\/\/www.alertadigitaldominicana.net\/wp-content\/uploads\/2017\/01\/16114084_1344437932268905_714431138538386519_n-214x300.jpg\" sizes=\"auto, (max-width: 778px) 100vw, 778px\" srcset=\"http:\/\/www.alertadigitaldominicana.net\/wp-content\/uploads\/2017\/01\/16114084_1344437932268905_714431138538386519_n-214x300.jpg 214w, http:\/\/www.alertadigitaldominicana.net\/wp-content\/uploads\/2017\/01\/16114084_1344437932268905_714431138538386519_n.jpg 684w\" width=\"778\" height=\"1091\" \/><\/div>\n","protected":false},"excerpt":{"rendered":"<p>Por: Misael P\u00e9rez Montero \u00a0\u00a0\u00a0\u00a0\u00a0 \u201cLa verdad y nada m\u00e1s\u201d Santo Domingo, Rep. Dom._Me resisto a creer que sea cierto que se \u00a0aumentaron los precios de los servicios consulares dominicanos en Espa\u00f1a aunque para muestra basta un bot\u00f3n. De ser cierto, seg\u00fan el listado de precios que a continuaci\u00f3n me fue suministrado; \u00a0lo \u00fanico que [&hellip;]<\/p>\n","protected":false},"author":1,"featured_media":61999,"comment_status":"open","ping_status":"open","sticky":false,"template":"","format":"standard","meta":{"footnotes":""},"categories":[82,44],"tags":[],"class_list":["post-61998","post","type-post","status-publish","format-standard","has-post-thumbnail","hentry","category-opinion","category-republica-dominicana"],"_links":{"self":[{"href":"https:\/\/2horizontes.com\/index.php?rest_route=\/wp\/v2\/posts\/61998","targetHints":{"allow":["GET"]}}],"collection":[{"href":"https:\/\/2horizontes.com\/index.php?rest_route=\/wp\/v2\/posts"}],"about":[{"href":"https:\/\/2horizontes.com\/index.php?rest_route=\/wp\/v2\/types\/post"}],"author":[{"embeddable":true,"href":"https:\/\/2horizontes.com\/index.php?rest_route=\/wp\/v2\/users\/1"}],"replies":[{"embeddable":true,"href":"https:\/\/2horizontes.com\/index.php?rest_route=%2Fwp%2Fv2%2Fcomments&post=61998"}],"version-history":[{"count":1,"href":"https:\/\/2horizontes.com\/index.php?rest_route=\/wp\/v2\/posts\/61998\/revisions"}],"predecessor-version":[{"id":62000,"href":"https:\/\/2horizontes.com\/index.php?rest_route=\/wp\/v2\/posts\/61998\/revisions\/62000"}],"wp:featuredmedia":[{"embeddable":true,"href":"https:\/\/2horizontes.com\/index.php?rest_route=\/wp\/v2\/media\/61999"}],"wp:attachment":[{"href":"https:\/\/2horizontes.com\/index.php?rest_route=%2Fwp%2Fv2%2Fmedia&parent=61998"}],"wp:term":[{"taxonomy":"category","embeddable":true,"href":"https:\/\/2horizontes.com\/index.php?rest_route=%2Fwp%2Fv2%2Fcategories&post=61998"},{"taxonomy":"post_tag","embeddable":true,"href":"https:\/\/2horizontes.com\/index.php?rest_route=%2Fwp%2Fv2%2Ftags&post=61998"}],"curies":[{"name":"wp","href":"https:\/\/api.w.org\/{rel}","templated":true}]}}