{"id":61991,"date":"2017-01-19T17:01:37","date_gmt":"2017-01-19T16:01:37","guid":{"rendered":"http:\/\/2horizontes.com\/?p=61991"},"modified":"2017-01-19T17:05:02","modified_gmt":"2017-01-19T16:05:02","slug":"la-fundacion-matias-ramon-mella-continua-reconociendo-dominicanos-en-su-patria","status":"publish","type":"post","link":"https:\/\/2horizontes.com\/?p=61991","title":{"rendered":"La fundaci\u00f3n   Mat\u00edas Ram\u00f3n Mella  contin\u00faa reconociendo dominicanos  en su patria"},"content":{"rendered":"<p>En honor\u00a0 del patricio dominicano Mat\u00edas Ram\u00f3n Mella, militar, pol\u00edtico y activista dominicano considerado uno de los Padres de la Patria de la Rep\u00fablica Dominicana junto a Juan Pablo Duarte y Francisco del Rosario S\u00e1nchez.<\/p>\n<p>&nbsp;<\/p>\n<p><a href=\"http:\/\/2horizontes.com\/wp-content\/uploads\/2017\/01\/mella4.jpg\"><img loading=\"lazy\" decoding=\"async\" class=\"alignleft wp-image-61994\" src=\"http:\/\/2horizontes.com\/wp-content\/uploads\/2017\/01\/mella4.jpg\" alt=\"\" width=\"81\" height=\"108\" srcset=\"https:\/\/2horizontes.com\/wp-content\/uploads\/2017\/01\/mella4.jpg 480w, https:\/\/2horizontes.com\/wp-content\/uploads\/2017\/01\/mella4-225x300.jpg 225w\" sizes=\"auto, (max-width: 81px) 100vw, 81px\" \/><\/a><\/p>\n<p>La Fundaci\u00f3n Mat\u00edas Ram\u00f3n Mella, presidida por el locutor Alfredo Mella, y con\u00a0 m\u00e1s de una d\u00e9cada desde su fundaci\u00f3n, hace entrega a dominicanos ejemplares en la Republica Dominicana , entre los reconocidos\u00a0 est\u00e1 Paul Bido, \u00a0hijo del destacado escultor y dibujante dominicano C\u00e1ndido Bido, \u00a0quien falleci\u00f3 el \u00a07 de marzo de 2011<\/p>\n<p>&nbsp;<\/p>\n<p>&nbsp;<\/p>\n<p>Paul Bido, recibi\u00f3 dos medallas una en nombre de su padre fallecido y otra \u00a0por ser un dominicano ejemplar en la provincia Monse\u00f1or Nouel \u00a0\u00a0la entrega se realiz\u00f3 en el hogar de Bido.\u00a0<a href=\"http:\/\/2horizontes.com\/wp-content\/uploads\/2017\/01\/ccrrr.jpg\"><img loading=\"lazy\" decoding=\"async\" class=\"alignleft size-full wp-image-61996\" src=\"http:\/\/2horizontes.com\/wp-content\/uploads\/2017\/01\/ccrrr.jpg\" alt=\"\" width=\"746\" height=\"837\" srcset=\"https:\/\/2horizontes.com\/wp-content\/uploads\/2017\/01\/ccrrr.jpg 746w, https:\/\/2horizontes.com\/wp-content\/uploads\/2017\/01\/ccrrr-267x300.jpg 267w, https:\/\/2horizontes.com\/wp-content\/uploads\/2017\/01\/ccrrr-510x572.jpg 510w\" sizes=\"auto, (max-width: 746px) 100vw, 746px\" \/><\/a><\/p>\n<p>La fundaci\u00f3n \u00a0reconoci\u00f3 decenas de dominicanos en \u00a0Bonao y continuar\u00e1 reconociendo a dominicanos en el exterior, el d\u00eda 25 de febrero del 2017 \u00a0se celebra la entrega de premios m\u00e1s esperada por los dominicanos en Madrid Espa\u00f1a en la \u00a0Discoteca Center Mambo Latino.<\/p>\n<p>&nbsp;<\/p>\n<p>&nbsp;<\/p>\n","protected":false},"excerpt":{"rendered":"<p>En honor\u00a0 del patricio dominicano Mat\u00edas Ram\u00f3n Mella, militar, pol\u00edtico y activista dominicano considerado uno de los Padres de la Patria de la Rep\u00fablica Dominicana junto a Juan Pablo Duarte y Francisco del Rosario S\u00e1nchez. &nbsp; La Fundaci\u00f3n Mat\u00edas Ram\u00f3n Mella, presidida por el locutor Alfredo Mella, y con\u00a0 m\u00e1s de una d\u00e9cada desde su [&hellip;]<\/p>\n","protected":false},"author":1,"featured_media":61992,"comment_status":"open","ping_status":"open","sticky":false,"template":"","format":"standard","meta":{"footnotes":""},"categories":[62,53,44],"tags":[],"class_list":["post-61991","post","type-post","status-publish","format-standard","has-post-thumbnail","hentry","category-cultura","category-provincias","category-republica-dominicana"],"_links":{"self":[{"href":"https:\/\/2horizontes.com\/index.php?rest_route=\/wp\/v2\/posts\/61991","targetHints":{"allow":["GET"]}}],"collection":[{"href":"https:\/\/2horizontes.com\/index.php?rest_route=\/wp\/v2\/posts"}],"about":[{"href":"https:\/\/2horizontes.com\/index.php?rest_route=\/wp\/v2\/types\/post"}],"author":[{"embeddable":true,"href":"https:\/\/2horizontes.com\/index.php?rest_route=\/wp\/v2\/users\/1"}],"replies":[{"embeddable":true,"href":"https:\/\/2horizontes.com\/index.php?rest_route=%2Fwp%2Fv2%2Fcomments&post=61991"}],"version-history":[{"count":2,"href":"https:\/\/2horizontes.com\/index.php?rest_route=\/wp\/v2\/posts\/61991\/revisions"}],"predecessor-version":[{"id":61997,"href":"https:\/\/2horizontes.com\/index.php?rest_route=\/wp\/v2\/posts\/61991\/revisions\/61997"}],"wp:featuredmedia":[{"embeddable":true,"href":"https:\/\/2horizontes.com\/index.php?rest_route=\/wp\/v2\/media\/61992"}],"wp:attachment":[{"href":"https:\/\/2horizontes.com\/index.php?rest_route=%2Fwp%2Fv2%2Fmedia&parent=61991"}],"wp:term":[{"taxonomy":"category","embeddable":true,"href":"https:\/\/2horizontes.com\/index.php?rest_route=%2Fwp%2Fv2%2Fcategories&post=61991"},{"taxonomy":"post_tag","embeddable":true,"href":"https:\/\/2horizontes.com\/index.php?rest_route=%2Fwp%2Fv2%2Ftags&post=61991"}],"curies":[{"name":"wp","href":"https:\/\/api.w.org\/{rel}","templated":true}]}}