{"id":61988,"date":"2017-01-19T12:55:42","date_gmt":"2017-01-19T11:55:42","guid":{"rendered":"http:\/\/2horizontes.com\/?p=61988"},"modified":"2017-01-19T12:55:42","modified_gmt":"2017-01-19T11:55:42","slug":"pedro-sanchez-empezara-en-sevilla-su-gira-para-escuchar-a-los-militantes","status":"publish","type":"post","link":"https:\/\/2horizontes.com\/?p=61988","title":{"rendered":"Pedro S\u00e1nchez empezar\u00e1 en Sevilla su gira para \u201cescuchar\u201d a los militantes"},"content":{"rendered":"<p>El ex secretario general del PSOE Pedro S\u00e1nchez ha anunciado este jueves que la primera parada de su gira por Espa\u00f1a para escuchar a los militantes ser\u00e1 en Sevilla, el pr\u00f3ximo 29 de enero. \u201cPrimera estaci\u00f3n: Sevilla, 29 de enero. Pronto os daremos detalles del lugar y la hora. Os esperamos! Gracias a todos\/as!\u201d, ha escrito el exl\u00edder en su cuenta de Twitter.<\/p>\n<p>Seg\u00fan inform\u00f3 este mi\u00e9rcoles su entorno m\u00e1s pr\u00f3ximo, S\u00e1nchez quiere volver a la carretera para \u201cescuchar a los que no han sido escuchados\u201d antes de tomar una decisi\u00f3n sobre el 39 Congreso federal. Adem\u00e1s, tiene previsto desvelar antes de final de mes si se presenta a las primarias o no.<\/p>\n","protected":false},"excerpt":{"rendered":"<p>El ex secretario general del PSOE Pedro S\u00e1nchez ha anunciado este jueves que la primera parada de su gira por Espa\u00f1a para escuchar a los militantes ser\u00e1 en Sevilla, el pr\u00f3ximo 29 de enero. \u201cPrimera estaci\u00f3n: Sevilla, 29 de enero. Pronto os daremos detalles del lugar y la hora. Os esperamos! Gracias a todos\/as!\u201d, ha [&hellip;]<\/p>\n","protected":false},"author":3,"featured_media":61989,"comment_status":"open","ping_status":"open","sticky":false,"template":"","format":"standard","meta":{"footnotes":""},"categories":[43],"tags":[],"class_list":["post-61988","post","type-post","status-publish","format-standard","has-post-thumbnail","hentry","category-politica"],"_links":{"self":[{"href":"https:\/\/2horizontes.com\/index.php?rest_route=\/wp\/v2\/posts\/61988","targetHints":{"allow":["GET"]}}],"collection":[{"href":"https:\/\/2horizontes.com\/index.php?rest_route=\/wp\/v2\/posts"}],"about":[{"href":"https:\/\/2horizontes.com\/index.php?rest_route=\/wp\/v2\/types\/post"}],"author":[{"embeddable":true,"href":"https:\/\/2horizontes.com\/index.php?rest_route=\/wp\/v2\/users\/3"}],"replies":[{"embeddable":true,"href":"https:\/\/2horizontes.com\/index.php?rest_route=%2Fwp%2Fv2%2Fcomments&post=61988"}],"version-history":[{"count":1,"href":"https:\/\/2horizontes.com\/index.php?rest_route=\/wp\/v2\/posts\/61988\/revisions"}],"predecessor-version":[{"id":61990,"href":"https:\/\/2horizontes.com\/index.php?rest_route=\/wp\/v2\/posts\/61988\/revisions\/61990"}],"wp:featuredmedia":[{"embeddable":true,"href":"https:\/\/2horizontes.com\/index.php?rest_route=\/wp\/v2\/media\/61989"}],"wp:attachment":[{"href":"https:\/\/2horizontes.com\/index.php?rest_route=%2Fwp%2Fv2%2Fmedia&parent=61988"}],"wp:term":[{"taxonomy":"category","embeddable":true,"href":"https:\/\/2horizontes.com\/index.php?rest_route=%2Fwp%2Fv2%2Fcategories&post=61988"},{"taxonomy":"post_tag","embeddable":true,"href":"https:\/\/2horizontes.com\/index.php?rest_route=%2Fwp%2Fv2%2Ftags&post=61988"}],"curies":[{"name":"wp","href":"https:\/\/api.w.org\/{rel}","templated":true}]}}