{"id":61985,"date":"2017-01-19T12:43:44","date_gmt":"2017-01-19T11:43:44","guid":{"rendered":"http:\/\/2horizontes.com\/?p=61985"},"modified":"2017-01-19T12:43:44","modified_gmt":"2017-01-19T11:43:44","slug":"cortadas-la-a-31-en-villena-y-la-a-7-en-alcoi-por-la-nieve","status":"publish","type":"post","link":"https:\/\/2horizontes.com\/?p=61985","title":{"rendered":"Cortadas la A-31 en Villena y la A-7 en Alcoi por la nieve"},"content":{"rendered":"<p>La circulaci\u00f3n de veh\u00edculos ha quedado interrumpida en las autov\u00edas A-31, a su paso por Villena, y la A-7, en Alcoy, a causa de la intensa nieve ca\u00edda en las \u00faltimas horas y por la aparici\u00f3n de placas de hielo.<\/p>\n<p>Seg\u00fan los datos de la DGT, la A-31, que conecta Alicante con Albacete y Madrid, est\u00e1 cortada desde las 10.20 horas en ambos sentidos entre los kil\u00f3metros 165,4 y 184 por la nevada. En cuanto a la A-7 la nieve hace intransitable el paso entre los kil\u00f3metros 429, en Alcoy, y 482, a la altura de San Vicente del Raspeig.<\/p>\n<p>Hay otras muchas carreteras principales tambi\u00e9n con el tr\u00e1fico cortado, como son la N-344 entre los kil\u00f3metros 118,5 y 124,5, la CV-81 en La Ca\u00f1ada del 35 al 22 y la CV-80 en Ibi del kil\u00f3metro 0 al 16. Tambi\u00e9n la CV-802 en Onil (del 0 al 6), la CV-803 del 0 al 9,8), la CV-805 en Ibi (del 0 al 7), la CV-798 en Ibi (del 0 al 12), la CV-800 en Xixona (del 19 al 34), la CV-797 en Alcoy (del 0,7 al 8,6).<\/p>\n","protected":false},"excerpt":{"rendered":"<p>La circulaci\u00f3n de veh\u00edculos ha quedado interrumpida en las autov\u00edas A-31, a su paso por Villena, y la A-7, en Alcoy, a causa de la intensa nieve ca\u00edda en las \u00faltimas horas y por la aparici\u00f3n de placas de hielo. Seg\u00fan los datos de la DGT, la A-31, que conecta Alicante con Albacete y Madrid, [&hellip;]<\/p>\n","protected":false},"author":3,"featured_media":61986,"comment_status":"open","ping_status":"open","sticky":false,"template":"","format":"standard","meta":{"footnotes":""},"categories":[85],"tags":[],"class_list":["post-61985","post","type-post","status-publish","format-standard","has-post-thumbnail","hentry","category-espana"],"_links":{"self":[{"href":"https:\/\/2horizontes.com\/index.php?rest_route=\/wp\/v2\/posts\/61985","targetHints":{"allow":["GET"]}}],"collection":[{"href":"https:\/\/2horizontes.com\/index.php?rest_route=\/wp\/v2\/posts"}],"about":[{"href":"https:\/\/2horizontes.com\/index.php?rest_route=\/wp\/v2\/types\/post"}],"author":[{"embeddable":true,"href":"https:\/\/2horizontes.com\/index.php?rest_route=\/wp\/v2\/users\/3"}],"replies":[{"embeddable":true,"href":"https:\/\/2horizontes.com\/index.php?rest_route=%2Fwp%2Fv2%2Fcomments&post=61985"}],"version-history":[{"count":1,"href":"https:\/\/2horizontes.com\/index.php?rest_route=\/wp\/v2\/posts\/61985\/revisions"}],"predecessor-version":[{"id":61987,"href":"https:\/\/2horizontes.com\/index.php?rest_route=\/wp\/v2\/posts\/61985\/revisions\/61987"}],"wp:featuredmedia":[{"embeddable":true,"href":"https:\/\/2horizontes.com\/index.php?rest_route=\/wp\/v2\/media\/61986"}],"wp:attachment":[{"href":"https:\/\/2horizontes.com\/index.php?rest_route=%2Fwp%2Fv2%2Fmedia&parent=61985"}],"wp:term":[{"taxonomy":"category","embeddable":true,"href":"https:\/\/2horizontes.com\/index.php?rest_route=%2Fwp%2Fv2%2Fcategories&post=61985"},{"taxonomy":"post_tag","embeddable":true,"href":"https:\/\/2horizontes.com\/index.php?rest_route=%2Fwp%2Fv2%2Ftags&post=61985"}],"curies":[{"name":"wp","href":"https:\/\/api.w.org\/{rel}","templated":true}]}}