{"id":61982,"date":"2017-01-19T12:40:19","date_gmt":"2017-01-19T11:40:19","guid":{"rendered":"http:\/\/2horizontes.com\/?p=61982"},"modified":"2017-01-19T12:40:19","modified_gmt":"2017-01-19T11:40:19","slug":"george-clooney-y-amal-esperan-gemelos","status":"publish","type":"post","link":"https:\/\/2horizontes.com\/?p=61982","title":{"rendered":"George Clooney y Amal esperan gemelos"},"content":{"rendered":"<p>George Clooney y Amal tendr\u00e1n gemelos. Seg\u00fan la publicaci\u00f3n In Touch los rumores ya son oficiales y la pareja espera un ni\u00f1o y una ni\u00f1a. La revista cita una fuente cercana a la abogada, quien asegura que \u201ccuando se enteraron que tendr\u00edan gemelos se sorprendieron y tuvieron un poco de miedo\u201d.<\/p>\n<p>A\u00fan as\u00ed, la misma fuente se\u00f1ala que la noticia de que esperan un ni\u00f1o y una ni\u00f1a \u201cles ha hecho realmente felices\u201d. El actor parece que est\u00e1 tomando conciencia del cambio de vida que le espera despu\u00e9s de haber asegurado, en m\u00e1s de una ocasi\u00f3n, que no quer\u00eda tener hijos.<\/p>\n","protected":false},"excerpt":{"rendered":"<p>George Clooney y Amal tendr\u00e1n gemelos. Seg\u00fan la publicaci\u00f3n In Touch los rumores ya son oficiales y la pareja espera un ni\u00f1o y una ni\u00f1a. La revista cita una fuente cercana a la abogada, quien asegura que \u201ccuando se enteraron que tendr\u00edan gemelos se sorprendieron y tuvieron un poco de miedo\u201d. A\u00fan as\u00ed, la misma [&hellip;]<\/p>\n","protected":false},"author":3,"featured_media":61983,"comment_status":"open","ping_status":"open","sticky":false,"template":"","format":"standard","meta":{"footnotes":""},"categories":[1],"tags":[],"class_list":["post-61982","post","type-post","status-publish","format-standard","has-post-thumbnail","hentry","category-entretenimiento"],"_links":{"self":[{"href":"https:\/\/2horizontes.com\/index.php?rest_route=\/wp\/v2\/posts\/61982","targetHints":{"allow":["GET"]}}],"collection":[{"href":"https:\/\/2horizontes.com\/index.php?rest_route=\/wp\/v2\/posts"}],"about":[{"href":"https:\/\/2horizontes.com\/index.php?rest_route=\/wp\/v2\/types\/post"}],"author":[{"embeddable":true,"href":"https:\/\/2horizontes.com\/index.php?rest_route=\/wp\/v2\/users\/3"}],"replies":[{"embeddable":true,"href":"https:\/\/2horizontes.com\/index.php?rest_route=%2Fwp%2Fv2%2Fcomments&post=61982"}],"version-history":[{"count":1,"href":"https:\/\/2horizontes.com\/index.php?rest_route=\/wp\/v2\/posts\/61982\/revisions"}],"predecessor-version":[{"id":61984,"href":"https:\/\/2horizontes.com\/index.php?rest_route=\/wp\/v2\/posts\/61982\/revisions\/61984"}],"wp:featuredmedia":[{"embeddable":true,"href":"https:\/\/2horizontes.com\/index.php?rest_route=\/wp\/v2\/media\/61983"}],"wp:attachment":[{"href":"https:\/\/2horizontes.com\/index.php?rest_route=%2Fwp%2Fv2%2Fmedia&parent=61982"}],"wp:term":[{"taxonomy":"category","embeddable":true,"href":"https:\/\/2horizontes.com\/index.php?rest_route=%2Fwp%2Fv2%2Fcategories&post=61982"},{"taxonomy":"post_tag","embeddable":true,"href":"https:\/\/2horizontes.com\/index.php?rest_route=%2Fwp%2Fv2%2Ftags&post=61982"}],"curies":[{"name":"wp","href":"https:\/\/api.w.org\/{rel}","templated":true}]}}