{"id":6198,"date":"2015-05-07T14:57:33","date_gmt":"2015-05-07T13:57:33","guid":{"rendered":"http:\/\/2horizontes.com\/?p=6198"},"modified":"2015-05-23T12:56:32","modified_gmt":"2015-05-23T11:56:32","slug":"presidente-maduro-afirma-que-en-espana-existe-un-plan-para-agredir-a-venezuela","status":"publish","type":"post","link":"https:\/\/2horizontes.com\/?p=6198","title":{"rendered":"Presidente Maduro afirma que en Espa\u00f1a existe un plan para agredir a Venezuela"},"content":{"rendered":"<p>El presidente de Venezuela, Nicol\u00e1s Maduro, dijo hoy que desde \u00abla \u00e9lite\u00bb que gobierna Espa\u00f1a se realizan campa\u00f1as para \u00abfaltar al respeto\u00bb a su pa\u00eds, lo que ser\u00eda parte de un plan para \u00abagredir\u00bb a su Ejecutivo con el fin de <strong>\u00abinfluir\u00bb en las elecciones espa\u00f1olas<\/strong> que se celebran este mes.<\/p>\n<p>\u00abDesde Espa\u00f1a, las clases pol\u00edticas y econ\u00f3micas, la elite que gobierna ese pa\u00eds tiene un plan para agredirnos en mayo, yo quiero tener buenas relaciones con este Gobierno sea quien sea, con el que venga, pero lo que yo <strong>no puedo aceptar es que se agreda a Venezuela<\/strong>\u00ab, afirm\u00f3 Maduro durante un acto de gobierno en Caracas.<\/p>\n<p>El presidente, cuya intervenci\u00f3n fue trasmitida en cadena obligatoria de radio y televisi\u00f3n, dijo que maneja informaci\u00f3n que le ha llegado recientemente sobre<strong> \u00abmontajes que hace el Gobierno espa\u00f1ol<\/strong> o sectores pol\u00edticos de los partidos dominantes\u00bb para \u00abtratar de influir en las elecciones\u00bb que se celebrar\u00e1n este mes en Espa\u00f1a.<\/p>\n<p>\u00abEntonces, de manera electorera y politiquera han colocado a Venezuela y <strong>est\u00e1n poniendo en riesgo las relaciones pol\u00edticas<\/strong>, diplom\u00e1ticas, econ\u00f3micas, energ\u00e9ticas y de todo tipo entre Espa\u00f1a y Venezuela\u00bb, advirti\u00f3.<\/p>\n<p>Maduro reiter\u00f3, como ha hecho en actos recientes, que est\u00e1 \u00ablisto para la batalla\u00bb contra Espa\u00f1a si ese es el deseo de los que gobiernan ese pa\u00eds, pero agreg\u00f3 que <strong>mantiene su mano tendida<\/strong> \u00absi quieren buenas relaciones diplom\u00e1ticas y pol\u00edticas\u00bb.<\/p>\n<p>Pidi\u00f3 al pueblo espa\u00f1ol que <strong>no permita que \u00ablas elites que gobiernan Espa\u00f1a pongan en peligro<\/strong> las relaciones diplom\u00e1ticas con Venezuela\u00bb.<\/p>\n<p>\u00abNo quiero conflictos, detengan la agresi\u00f3n, detengan las campa\u00f1as de intriga\u00bb, demand\u00f3, al tiempo que advirti\u00f3 de que <strong>no permitir\u00e1 que se falte el respeto a su pa\u00eds<\/strong> desde Espa\u00f1a \u00abll\u00e1mese como se llame, sea lo que sea\u00bb.<\/p>\n<p>El ministro de Exteriores espa\u00f1ol, Jos\u00e9 Manuel Garc\u00eda-Margallo, dijo hoy que no va a pedir al ex presidente del Gobierno Felipe Gonz\u00e1lez que anule su viaje a Venezuela previsto para el 17 de mayo, y se\u00f1al\u00f3 que si se le impide la entrada ser\u00e1 el pa\u00eds latinoamericano <strong>el que tenga que valorar \u00abla repercusi\u00f3n <\/strong>en el mundo y en la regi\u00f3n\u00bb.<\/p>\n<p>Gonz\u00e1lez tiene previsto viajar a Venezuela para asesorar al equipo de abogados que defiende al l\u00edder opositor Leopoldo L\u00f3pez, preso desde febrero de 2014 acusado de delitos relacionados con la violencia que se desat\u00f3 tras una marcha antigubernamental.<\/p>\n<p>Margallo explic\u00f3 hoy que el embajador de Espa\u00f1a en Venezuela,<strong>Antonio P\u00e9rez Hern\u00e1ndez<\/strong>, ya ha regresado a Caracas, despu\u00e9s de que fuese llamado a consultas el pasado 22 de abril.<\/p>\n<p>El 24 de mayo se celebrar\u00e1n en Espa\u00f1a elecciones municipales y auton\u00f3micas.<\/p>\n","protected":false},"excerpt":{"rendered":"<p>El presidente de Venezuela, Nicol\u00e1s Maduro, dijo hoy que desde \u00abla \u00e9lite\u00bb que gobierna Espa\u00f1a se realizan campa\u00f1as para \u00abfaltar al respeto\u00bb a su pa\u00eds, lo que ser\u00eda parte de un plan para \u00abagredir\u00bb a su Ejecutivo con el fin de \u00abinfluir\u00bb en las elecciones espa\u00f1olas que se celebran este mes. \u00abDesde Espa\u00f1a, las clases [&hellip;]<\/p>\n","protected":false},"author":7,"featured_media":6202,"comment_status":"open","ping_status":"open","sticky":false,"template":"","format":"standard","meta":{"footnotes":""},"categories":[85,40,48],"tags":[],"class_list":["post-6198","post","type-post","status-publish","format-standard","has-post-thumbnail","hentry","category-espana","category-internacionales","category-venezuela"],"_links":{"self":[{"href":"https:\/\/2horizontes.com\/index.php?rest_route=\/wp\/v2\/posts\/6198","targetHints":{"allow":["GET"]}}],"collection":[{"href":"https:\/\/2horizontes.com\/index.php?rest_route=\/wp\/v2\/posts"}],"about":[{"href":"https:\/\/2horizontes.com\/index.php?rest_route=\/wp\/v2\/types\/post"}],"author":[{"embeddable":true,"href":"https:\/\/2horizontes.com\/index.php?rest_route=\/wp\/v2\/users\/7"}],"replies":[{"embeddable":true,"href":"https:\/\/2horizontes.com\/index.php?rest_route=%2Fwp%2Fv2%2Fcomments&post=6198"}],"version-history":[{"count":2,"href":"https:\/\/2horizontes.com\/index.php?rest_route=\/wp\/v2\/posts\/6198\/revisions"}],"predecessor-version":[{"id":6201,"href":"https:\/\/2horizontes.com\/index.php?rest_route=\/wp\/v2\/posts\/6198\/revisions\/6201"}],"wp:featuredmedia":[{"embeddable":true,"href":"https:\/\/2horizontes.com\/index.php?rest_route=\/wp\/v2\/media\/6202"}],"wp:attachment":[{"href":"https:\/\/2horizontes.com\/index.php?rest_route=%2Fwp%2Fv2%2Fmedia&parent=6198"}],"wp:term":[{"taxonomy":"category","embeddable":true,"href":"https:\/\/2horizontes.com\/index.php?rest_route=%2Fwp%2Fv2%2Fcategories&post=6198"},{"taxonomy":"post_tag","embeddable":true,"href":"https:\/\/2horizontes.com\/index.php?rest_route=%2Fwp%2Fv2%2Ftags&post=6198"}],"curies":[{"name":"wp","href":"https:\/\/api.w.org\/{rel}","templated":true}]}}