{"id":61975,"date":"2017-01-19T12:15:00","date_gmt":"2017-01-19T11:15:00","guid":{"rendered":"http:\/\/2horizontes.com\/?p=61975"},"modified":"2017-01-19T12:15:00","modified_gmt":"2017-01-19T11:15:00","slug":"un-menor-dispara-contra-sus-companeros-de-clase-y-deja-tres-heridos-de-gravedad-en-mexico","status":"publish","type":"post","link":"https:\/\/2horizontes.com\/?p=61975","title":{"rendered":"Un menor dispara contra sus compa\u00f1eros de clase y deja tres heridos de gravedad en M\u00e9xico"},"content":{"rendered":"<p>Un alumno de 15 a\u00f1os un colegio de secundaria de Monterrey, en el norte de M\u00e9xico, atac\u00f3 a mano armada el centro educativo al que asiste dejando cinco heridos, tres de los cuales se encuentran en estado muy grave, informaron hoy fuentes oficiales. Las autoridades informaron de que el autor, que intent\u00f3 suicidarse tras el tiroteo, ha fallecido por heridas de arma de fuego.<\/p>\n<p>El suceso tuvo lugar sobre las 08.00 hora local (14.00 GMT) en el Colegio Americano del Noreste, ubicado en el norte de Monterrey, y entre \u00ablas cinco personas lesionadas\u00bb se encuentra el atacante, un estudiante de secundaria llamado Federico Guevara, inform\u00f3 a Radio F\u00f3rmula el secretario de Gobierno de Nuevo Le\u00f3n, Manuel Florentino.<\/p>\n<p>El tiroteo se ha producido en un colegio de secundaria de Monterrey<\/p>\n<p>Entre los lesionados, al menos tres de ellos se encontrar\u00edan en estado \u00abmuy grave\u00bb, inform\u00f3 a medios el vocero del Grupo de Coordinaci\u00f3n de Seguridad, Aldo Fasci, quien detall\u00f3 que el atacante tendr\u00eda 15 a\u00f1os y el suceso tuvo lugar en una de las aulas del colegio.<\/p>\n<p>Florentino explic\u00f3 que el estudiante Federico Guevara fue \u00abel \u00fanico agresor\u00bb, estaba en tratamiento psicol\u00f3gico y se desconoce si intent\u00f3 suicidarse o se dispar\u00f3 accidentalmente. Los heridos fueron traslados a centros m\u00e9dicos cercanos, donde est\u00e1n siendo atendidos.<\/p>\n<p>\u00abVan malheridos. (&#8230;) No hay ninguna persona muerta en estos momentos\u00bb, explic\u00f3 el funcionario, quien detall\u00f3 que los lesionados son una maestro, cuatro alumnos y el mismo agresor. Se trata de un episodio poco frecuente que reabre el debate sobre el control de armas en las escuelas, por el que se cre\u00f3 el programa oficial \u00abMochila segura\u00bb.<\/p>\n<p>El suceso se habr\u00eda producido en una de las aulas del centro por uno de los alumnos de 15 a\u00f1os<\/p>\n","protected":false},"excerpt":{"rendered":"<p>Un alumno de 15 a\u00f1os un colegio de secundaria de Monterrey, en el norte de M\u00e9xico, atac\u00f3 a mano armada el centro educativo al que asiste dejando cinco heridos, tres de los cuales se encuentran en estado muy grave, informaron hoy fuentes oficiales. Las autoridades informaron de que el autor, que intent\u00f3 suicidarse tras el [&hellip;]<\/p>\n","protected":false},"author":3,"featured_media":61976,"comment_status":"open","ping_status":"open","sticky":false,"template":"","format":"standard","meta":{"footnotes":""},"categories":[40],"tags":[],"class_list":["post-61975","post","type-post","status-publish","format-standard","has-post-thumbnail","hentry","category-internacionales"],"_links":{"self":[{"href":"https:\/\/2horizontes.com\/index.php?rest_route=\/wp\/v2\/posts\/61975","targetHints":{"allow":["GET"]}}],"collection":[{"href":"https:\/\/2horizontes.com\/index.php?rest_route=\/wp\/v2\/posts"}],"about":[{"href":"https:\/\/2horizontes.com\/index.php?rest_route=\/wp\/v2\/types\/post"}],"author":[{"embeddable":true,"href":"https:\/\/2horizontes.com\/index.php?rest_route=\/wp\/v2\/users\/3"}],"replies":[{"embeddable":true,"href":"https:\/\/2horizontes.com\/index.php?rest_route=%2Fwp%2Fv2%2Fcomments&post=61975"}],"version-history":[{"count":1,"href":"https:\/\/2horizontes.com\/index.php?rest_route=\/wp\/v2\/posts\/61975\/revisions"}],"predecessor-version":[{"id":61977,"href":"https:\/\/2horizontes.com\/index.php?rest_route=\/wp\/v2\/posts\/61975\/revisions\/61977"}],"wp:featuredmedia":[{"embeddable":true,"href":"https:\/\/2horizontes.com\/index.php?rest_route=\/wp\/v2\/media\/61976"}],"wp:attachment":[{"href":"https:\/\/2horizontes.com\/index.php?rest_route=%2Fwp%2Fv2%2Fmedia&parent=61975"}],"wp:term":[{"taxonomy":"category","embeddable":true,"href":"https:\/\/2horizontes.com\/index.php?rest_route=%2Fwp%2Fv2%2Fcategories&post=61975"},{"taxonomy":"post_tag","embeddable":true,"href":"https:\/\/2horizontes.com\/index.php?rest_route=%2Fwp%2Fv2%2Ftags&post=61975"}],"curies":[{"name":"wp","href":"https:\/\/api.w.org\/{rel}","templated":true}]}}