{"id":61942,"date":"2017-01-18T18:46:12","date_gmt":"2017-01-18T17:46:12","guid":{"rendered":"http:\/\/2horizontes.com\/?p=61942"},"modified":"2017-01-18T18:46:12","modified_gmt":"2017-01-18T17:46:12","slug":"el-precio-de-la-luz-se-disparara-hoy-entre-las-21-y-22-horas","status":"publish","type":"post","link":"https:\/\/2horizontes.com\/?p=61942","title":{"rendered":"El precio de la luz se disparar\u00e1 hoy entre las 21 y 22 horas"},"content":{"rendered":"<p>Los precios de la luz han subido espectacularmente este mes como consecuencia de la <strong>falta de lluvia y viento<\/strong>, lo que ha obligado a aumentar la producci\u00f3n de electricidad con gas natural y carb\u00f3n, que son energ\u00edas m\u00e1s caras que la hidr\u00e1ulica y la e\u00f3lica.<\/p>\n<p>As\u00ed, el precio por horas m\u00e1s caro se dar\u00e1 hoy entre las 21 y 22 horas (0,17120 euros el kWh). <strong>Es el m\u00e1s elevado desde hace dos a\u00f1os <\/strong>(1 de enero de 2015). Adem\u00e1s, supone un incremento del45,25% respecto a los 0,11786 euros\/kWh de la misma hora de hace justo un a\u00f1o.<\/p>\n<p>Los consumidores que tienen la tarifa por horas, el 47% del total, sufrir\u00e1n una subida del precio de la luz a partir de las 18 horas (0,16397 euros\/kWh). La tarifa seguir\u00e1 al alza progresivamente: 0,16705 euros entre las 19 y 20 horas, 0,16928 de 20 a 21 horas, y 0,17120 de 21 a 22 horas. Despu\u00e9s <strong>bajar\u00e1 durante las dos \u00faltimas horas del d\u00eda:<\/strong> 0,16896 euros entre 22 y 23 horas y 0,16353 entre 23 y 24 horas, seg\u00fan los datos de Selectra.<\/p>\n<div id=\"roba_cintillo-id\"><\/div>\n<p>Las lluvias, nieves y vientos de las \u00faltimas horas <strong>deber\u00eda ocasionar un ligero descenso de los precios <\/strong>de la electricidad a corto plazo.<\/p>\n<p>Por otra parte, a las 19,40 horas se registrar\u00e1 <strong>la mayor demanda de energ\u00eda el\u00e9ctrica<\/strong> en el d\u00eda de hoy: 41.704 MW, seg\u00fan Red El\u00e9ctrica. La ola de fr\u00edo hace que sea la punta m\u00e1s alta desde el 13 de febrero de 2012.<\/p>\n","protected":false},"excerpt":{"rendered":"<p>Los precios de la luz han subido espectacularmente este mes como consecuencia de la falta de lluvia y viento, lo que ha obligado a aumentar la producci\u00f3n de electricidad con gas natural y carb\u00f3n, que son energ\u00edas m\u00e1s caras que la hidr\u00e1ulica y la e\u00f3lica. As\u00ed, el precio por horas m\u00e1s caro se dar\u00e1 hoy [&hellip;]<\/p>\n","protected":false},"author":1,"featured_media":61943,"comment_status":"open","ping_status":"open","sticky":false,"template":"","format":"standard","meta":{"footnotes":""},"categories":[63,85],"tags":[],"class_list":["post-61942","post","type-post","status-publish","format-standard","has-post-thumbnail","hentry","category-economia","category-espana"],"_links":{"self":[{"href":"https:\/\/2horizontes.com\/index.php?rest_route=\/wp\/v2\/posts\/61942","targetHints":{"allow":["GET"]}}],"collection":[{"href":"https:\/\/2horizontes.com\/index.php?rest_route=\/wp\/v2\/posts"}],"about":[{"href":"https:\/\/2horizontes.com\/index.php?rest_route=\/wp\/v2\/types\/post"}],"author":[{"embeddable":true,"href":"https:\/\/2horizontes.com\/index.php?rest_route=\/wp\/v2\/users\/1"}],"replies":[{"embeddable":true,"href":"https:\/\/2horizontes.com\/index.php?rest_route=%2Fwp%2Fv2%2Fcomments&post=61942"}],"version-history":[{"count":1,"href":"https:\/\/2horizontes.com\/index.php?rest_route=\/wp\/v2\/posts\/61942\/revisions"}],"predecessor-version":[{"id":61944,"href":"https:\/\/2horizontes.com\/index.php?rest_route=\/wp\/v2\/posts\/61942\/revisions\/61944"}],"wp:featuredmedia":[{"embeddable":true,"href":"https:\/\/2horizontes.com\/index.php?rest_route=\/wp\/v2\/media\/61943"}],"wp:attachment":[{"href":"https:\/\/2horizontes.com\/index.php?rest_route=%2Fwp%2Fv2%2Fmedia&parent=61942"}],"wp:term":[{"taxonomy":"category","embeddable":true,"href":"https:\/\/2horizontes.com\/index.php?rest_route=%2Fwp%2Fv2%2Fcategories&post=61942"},{"taxonomy":"post_tag","embeddable":true,"href":"https:\/\/2horizontes.com\/index.php?rest_route=%2Fwp%2Fv2%2Ftags&post=61942"}],"curies":[{"name":"wp","href":"https:\/\/api.w.org\/{rel}","templated":true}]}}