{"id":6191,"date":"2015-05-07T14:49:40","date_gmt":"2015-05-07T13:49:40","guid":{"rendered":"http:\/\/2horizontes.com\/?p=6191"},"modified":"2015-05-07T14:51:42","modified_gmt":"2015-05-07T13:51:42","slug":"onu-defiende-continuidad-de-mision-de-paz-para-asegurar-elecciones-en-haiti","status":"publish","type":"post","link":"https:\/\/2horizontes.com\/?p=6191","title":{"rendered":"ONU defiende continuidad de misi\u00f3n de paz para asegurar elecciones en Hait\u00ed"},"content":{"rendered":"<p><strong>\u00a0EFE<\/strong><\/p>\n<p>Montevideo.- La Organizaci\u00f3n de las Naciones Unidas (ONU) considera importante que Hait\u00ed demuestre \u00abcompromiso con el proceso electoral democr\u00e1tico\u00bb, una de las razones por las que su misi\u00f3n de paz sigue en el pa\u00eds caribe\u00f1o, dijo hoy a Efe en Montevideo Sandra Honor\u00e9, jefa de Minustah.<\/p>\n<p>\u00abEl Parlamento fue inhabilitado el pasado enero y ser\u00e1 importante que Hait\u00ed demuestre su compromiso con el proceso democr\u00e1tico, que las elecciones puedan darse conforme el calendario este a\u00f1o para que el nuevo Parlamento y el nuevo presidente electo asuman en 2016. Esto es parte del trabajo de Minustah\u00bb, defendi\u00f3 Honor\u00e9.<\/p>\n<p>La representante de la Misi\u00f3n de Estabilizaci\u00f3n de la ONU en Hait\u00ed particip\u00f3 hoy de la Conferencia Regional de las Am\u00e9ricas sobre las Operaciones de Mantenimiento de la Paz (OMP) de Naciones Unidas y se reuni\u00f3 en particular con el vicecanciller uruguayo, Jos\u00e9 Luis Cancela.<\/p>\n<p>Durante el encuentro privado, un grupo de militantes en contra de la Minustah solicit\u00f3 a los promotores de la conferencia encontrarse con la jefa de la misi\u00f3n para entregarle una carta en nombre de organizaciones de la sociedad civil.<\/p>\n<p>Honor\u00e9 atendi\u00f3 la petici\u00f3n, recibi\u00f3 la carta y escuch\u00f3 a los activistas, quienes reclamaban que la misi\u00f3n en Hait\u00ed no ha dado buenos frutos.<\/p>\n<p>Respecto a ese planteamiento, la representante dijo a Efe que \u00abhay gente que piensa que Minustah es solamente una fuerza de ocupaci\u00f3n o que fuerzas extranjeras no deber\u00edan operar en los pa\u00edses\u00bb, por lo que reconoci\u00f3 que la gente puede tener \u00abposturas filos\u00f3ficas\u00bb sobre determinados temas.<\/p>\n<p>\u00abLa misi\u00f3n fue establecida en 2004 en un momento de profunda inestabilidad en Hait\u00ed para apoyar la seguridad, la estabilizaci\u00f3n, la profesionalizaci\u00f3n de la polic\u00eda haitiana, el fortalecimiento de las leyes y del sistema judicial, el desarrollo del proceso electoral y la promoci\u00f3n de los derechos humanos\u00bb, remarc\u00f3.<\/p>\n<p>A su juicio, la conferencia regional organizada por el Gobierno uruguayo resalta el compromiso latinoamericano hacia el pa\u00eds caribe\u00f1o para \u00abseguir el camino del desarrollo democr\u00e1tico, social y econ\u00f3mico\u00bb.<\/p>\n<p>Seg\u00fan Honor\u00e9, Am\u00e9rica Latina representa el 77 % del componente militar de Minustah y Uruguay es una referencia en ese campo.<\/p>\n<p>En la apertura de las jornadas de hoy, y a trav\u00e9s de una videoconferencia desde Nueva York, el secretario general adjunto para OMP en la ONU, Herv\u00e9 Ladsous, agradeci\u00f3 a Uruguay su aporte a las misiones paz de Naciones Unidas.<\/p>\n<p>El pa\u00eds suramericano destina el 20 % de sus fuerzas operativas de defensa a las operaciones de paz de ONU, lo que lo convierte en \u00abel principal contribuyente de tropas per c\u00e1pita\u00bb, de acuerdo con el Gobierno.<\/p>\n<p>En este marco, el vicecanciller uruguayo record\u00f3 que su pa\u00eds ha sido hist\u00f3ricamente uno de los principales contribuyentes de tropas entre las 130 naciones que actualmente colaboran con el tema.<\/p>\n<p>Cancela tambi\u00e9n aprovech\u00f3 el momento para lamentar la muerte de dos cascos azules en la misi\u00f3n en la Rep\u00fablica Democr\u00e1tica de Congo, tras un ataque de presuntos miembros de la milicia rebelde congolesa Fuerzas Democr\u00e1ticas Aliadas (ADF, por sus siglas en ingl\u00e9s) ayer.<\/p>\n<p>Representantes de ONU y de pa\u00edses del continente americano, adem\u00e1s de autoridades del Gobierno y de las fuerzas armadas uruguayas participan de la conferencia que discuti\u00f3 hoy las metas de las operaciones de paz, las brechas en el sistema de OMP, el rol de la Polic\u00eda de Naciones Unidas y perspectivas de g\u00e9nero.<\/p>\n<p>El programa culminar\u00e1 ma\u00f1ana con una evaluaci\u00f3n de Minustah, en la que participar\u00e1 Honor\u00e9, conclusiones del canciller uruguayo, Rodolfo Nin Novoa, y con visitas de las delegaciones al Sistema Nacional de Apoyo a las Operaciones de Mantenimiento de la Paz y la Escuela Nacional de Operaciones de Paz del Uruguay.<\/p>\n<p>&nbsp;<\/p>\n","protected":false},"excerpt":{"rendered":"<p>\u00a0EFE Montevideo.- La Organizaci\u00f3n de las Naciones Unidas (ONU) considera importante que Hait\u00ed demuestre \u00abcompromiso con el proceso electoral democr\u00e1tico\u00bb, una de las razones por las que su misi\u00f3n de paz sigue en el pa\u00eds caribe\u00f1o, dijo hoy a Efe en Montevideo Sandra Honor\u00e9, jefa de Minustah. \u00abEl Parlamento fue inhabilitado el pasado enero y [&hellip;]<\/p>\n","protected":false},"author":7,"featured_media":6193,"comment_status":"open","ping_status":"open","sticky":false,"template":"","format":"standard","meta":{"footnotes":""},"categories":[47,40],"tags":[],"class_list":["post-6191","post","type-post","status-publish","format-standard","has-post-thumbnail","hentry","category-haiti","category-internacionales"],"_links":{"self":[{"href":"https:\/\/2horizontes.com\/index.php?rest_route=\/wp\/v2\/posts\/6191","targetHints":{"allow":["GET"]}}],"collection":[{"href":"https:\/\/2horizontes.com\/index.php?rest_route=\/wp\/v2\/posts"}],"about":[{"href":"https:\/\/2horizontes.com\/index.php?rest_route=\/wp\/v2\/types\/post"}],"author":[{"embeddable":true,"href":"https:\/\/2horizontes.com\/index.php?rest_route=\/wp\/v2\/users\/7"}],"replies":[{"embeddable":true,"href":"https:\/\/2horizontes.com\/index.php?rest_route=%2Fwp%2Fv2%2Fcomments&post=6191"}],"version-history":[{"count":2,"href":"https:\/\/2horizontes.com\/index.php?rest_route=\/wp\/v2\/posts\/6191\/revisions"}],"predecessor-version":[{"id":6197,"href":"https:\/\/2horizontes.com\/index.php?rest_route=\/wp\/v2\/posts\/6191\/revisions\/6197"}],"wp:featuredmedia":[{"embeddable":true,"href":"https:\/\/2horizontes.com\/index.php?rest_route=\/wp\/v2\/media\/6193"}],"wp:attachment":[{"href":"https:\/\/2horizontes.com\/index.php?rest_route=%2Fwp%2Fv2%2Fmedia&parent=6191"}],"wp:term":[{"taxonomy":"category","embeddable":true,"href":"https:\/\/2horizontes.com\/index.php?rest_route=%2Fwp%2Fv2%2Fcategories&post=6191"},{"taxonomy":"post_tag","embeddable":true,"href":"https:\/\/2horizontes.com\/index.php?rest_route=%2Fwp%2Fv2%2Ftags&post=6191"}],"curies":[{"name":"wp","href":"https:\/\/api.w.org\/{rel}","templated":true}]}}