{"id":61897,"date":"2017-01-17T11:52:44","date_gmt":"2017-01-17T10:52:44","guid":{"rendered":"http:\/\/2horizontes.com\/?p=61897"},"modified":"2017-01-17T11:52:44","modified_gmt":"2017-01-17T10:52:44","slug":"una-estacion-de-metro-permanecera-abierta-en-valencia-para-personas-sin-hogar","status":"publish","type":"post","link":"https:\/\/2horizontes.com\/?p=61897","title":{"rendered":"Una estaci\u00f3n de metro permanecer\u00e1 abierta en Valencia para personas sin hogar"},"content":{"rendered":"<p>La empresa Ferrocarrils de la Generalitat Valenciana (FGV) en colaboraci\u00f3n con el Ayuntamiento de Valencia, abrir\u00e1 ma\u00f1ana la estaci\u00f3n de metro de T\u00faria para que las personas sin hogar puedan pasar en ella la noche y protegerse de la ola de fr\u00edo prevista para ma\u00f1ana. Seg\u00fan ha informado FGV en un comunicado, dicha estaci\u00f3n, en concreto en su entrada por el paseo de la Petxina, permanecer\u00e1 abierta toda la noche.<\/p>\n<p>La elecci\u00f3n de esta estaci\u00f3n en concreto se ha adoptado de com\u00fan acuerdo con el Ayuntamiento de Valencia por ser la m\u00e1s cercana a la Casa de Caridad.<\/p>\n<p>Habitualmente, las estaciones subterr\u00e1neas de metro de la red de Metrovalencia se cierran sobre la medianoche y se abren a partir de las 5 o 6 horas, momento en el que se inicia el servicio de trenes por las ma\u00f1anas. La apertura nocturna de algunas estaciones de las l\u00edneas que pasan por Valencia para proteger del fr\u00edo a las personas sin hogar es una medida que se ha tomado otros inviernos ante la ca\u00edda del term\u00f3metro a la capital valenciana, iniciativa que se mantendr\u00e1 mientras dure la climatolog\u00eda adversa con el intenso fr\u00edo.<\/p>\n<p>Seg\u00fan la Agencia Estatal de Meteorolog\u00eda (Aemet), durante los primeros d\u00edas de la ola de fr\u00edo descender\u00e1n las temperaturas, con valores pr\u00f3ximos a -10\u00ba en el interior, y acerc\u00e1ndose a 0\u00baC cerca de la costa.<\/p>\n","protected":false},"excerpt":{"rendered":"<p>La empresa Ferrocarrils de la Generalitat Valenciana (FGV) en colaboraci\u00f3n con el Ayuntamiento de Valencia, abrir\u00e1 ma\u00f1ana la estaci\u00f3n de metro de T\u00faria para que las personas sin hogar puedan pasar en ella la noche y protegerse de la ola de fr\u00edo prevista para ma\u00f1ana. Seg\u00fan ha informado FGV en un comunicado, dicha estaci\u00f3n, en [&hellip;]<\/p>\n","protected":false},"author":3,"featured_media":61898,"comment_status":"open","ping_status":"open","sticky":false,"template":"","format":"standard","meta":{"footnotes":""},"categories":[85],"tags":[],"class_list":["post-61897","post","type-post","status-publish","format-standard","has-post-thumbnail","hentry","category-espana"],"_links":{"self":[{"href":"https:\/\/2horizontes.com\/index.php?rest_route=\/wp\/v2\/posts\/61897","targetHints":{"allow":["GET"]}}],"collection":[{"href":"https:\/\/2horizontes.com\/index.php?rest_route=\/wp\/v2\/posts"}],"about":[{"href":"https:\/\/2horizontes.com\/index.php?rest_route=\/wp\/v2\/types\/post"}],"author":[{"embeddable":true,"href":"https:\/\/2horizontes.com\/index.php?rest_route=\/wp\/v2\/users\/3"}],"replies":[{"embeddable":true,"href":"https:\/\/2horizontes.com\/index.php?rest_route=%2Fwp%2Fv2%2Fcomments&post=61897"}],"version-history":[{"count":1,"href":"https:\/\/2horizontes.com\/index.php?rest_route=\/wp\/v2\/posts\/61897\/revisions"}],"predecessor-version":[{"id":61899,"href":"https:\/\/2horizontes.com\/index.php?rest_route=\/wp\/v2\/posts\/61897\/revisions\/61899"}],"wp:featuredmedia":[{"embeddable":true,"href":"https:\/\/2horizontes.com\/index.php?rest_route=\/wp\/v2\/media\/61898"}],"wp:attachment":[{"href":"https:\/\/2horizontes.com\/index.php?rest_route=%2Fwp%2Fv2%2Fmedia&parent=61897"}],"wp:term":[{"taxonomy":"category","embeddable":true,"href":"https:\/\/2horizontes.com\/index.php?rest_route=%2Fwp%2Fv2%2Fcategories&post=61897"},{"taxonomy":"post_tag","embeddable":true,"href":"https:\/\/2horizontes.com\/index.php?rest_route=%2Fwp%2Fv2%2Ftags&post=61897"}],"curies":[{"name":"wp","href":"https:\/\/api.w.org\/{rel}","templated":true}]}}